{"id":25890,"date":"2019-06-19T09:00:49","date_gmt":"2019-06-19T15:00:49","guid":{"rendered":"http:\/\/www.radiodigitaltamazunchale.com\/landing\/?p=25890"},"modified":"2019-06-19T09:00:50","modified_gmt":"2019-06-19T15:00:50","slug":"oficialia-mayor-capacita-a-funcionarios-estatales-en-atencion-al-publico","status":"publish","type":"post","link":"https:\/\/www.radiodigitaltamazunchale.com\/landing\/uncategorized\/oficialia-mayor-capacita-a-funcionarios-estatales-en-atencion-al-publico\/","title":{"rendered":"OFICIAL\u00cdA MAYOR CAPACITA A FUNCIONARIOS ESTATALES EN ATENCI\u00d3N AL P\u00daBLICO"},"content":{"rendered":"\n<p>Con el prop\u00f3sito de identificar las destrezas,\nhabilidades, funciones y actitudes de quienes dan atenci\u00f3n a la poblaci\u00f3n, la\nOficial\u00eda Mayor ofreci\u00f3 el curso de \u201cAtenci\u00f3n al p\u00fablico\u201d en el que\nparticiparon alrededor de 28 servidores p\u00fablicos de las distintas dependencias\ny entidades de la Administraci\u00f3n P\u00fablica Estatal. <\/p>\n\n\n\n<p>A nombre de la Oficial Mayor, Ada Amelia Andrade\nContreras, el Director de Desarrollo Humano, Francisco Javier Escudero Villa,\nse\u00f1al\u00f3 a los participantes la importancia que representa hacer cambios\nimportantes dentro de las \u00e1reas de trabajo que permitan mejorar y eficientar\ncada d\u00eda la atenci\u00f3n que requieren los ciudadanos cuando acuden a una\ninstituci\u00f3n de Gobierno. <\/p>\n\n\n\n<p>La capacitaci\u00f3n estuvo a cargo de Guadalupe P\u00e9rez\nVigna, quien instruy\u00f3 a los asistentes sobre los m\u00e9todos y procedimientos que\ndeben aplicar diariamente a favor de los ciudadanos, al recodar que al prestar\nun servicio no se hace un favor, y que comportarse de la manera correcta con\nuna buena atenci\u00f3n es una excelente estrategia. <\/p>\n\n\n\n<p>A\u00f1adi\u00f3 que la atenci\u00f3n al cliente es lo m\u00e1s\nimportante para poder mantenerse a flote en cualquier tipo de situaci\u00f3n, y que es\nnecesario que todos los servidores p\u00fablicos comprendan que el ciudadano es\nprimero. <\/p>\n\n\n\n<p>Finalmente, manifest\u00f3 que, para dar una buena\natenci\u00f3n, es necesario tomar en cuenta que la calidad y el servicio son\nprimordiales y que debe existir valor y respeto por el tiempo del visitante,\npor lo que deben crearse las condiciones necesarias desde el primer contacto\nentre el ciudadano y la dependencia. <\/p>\n","protected":false},"excerpt":{"rendered":"<p>Con el prop\u00f3sito de identificar las destrezas, habilidades, funciones y actitudes de quienes dan atenci\u00f3n a la poblaci\u00f3n, la Oficial\u00eda<\/p>\n","protected":false},"author":2,"featured_media":25892,"comment_status":"open","ping_status":"open","sticky":false,"template":"","format":"standard","meta":[],"categories":[1],"tags":[],"_links":{"self":[{"href":"https:\/\/www.radiodigitaltamazunchale.com\/landing\/wp-json\/wp\/v2\/posts\/25890"}],"collection":[{"href":"https:\/\/www.radiodigitaltamazunchale.com\/landing\/wp-json\/wp\/v2\/posts"}],"about":[{"href":"https:\/\/www.radiodigitaltamazunchale.com\/landing\/wp-json\/wp\/v2\/types\/post"}],"author":[{"embeddable":true,"href":"https:\/\/www.radiodigitaltamazunchale.com\/landing\/wp-json\/wp\/v2\/users\/2"}],"replies":[{"embeddable":true,"href":"https:\/\/www.radiodigitaltamazunchale.com\/landing\/wp-json\/wp\/v2\/comments?post=25890"}],"version-history":[{"count":1,"href":"https:\/\/www.radiodigitaltamazunchale.com\/landing\/wp-json\/wp\/v2\/posts\/25890\/revisions"}],"predecessor-version":[{"id":25893,"href":"https:\/\/www.radiodigitaltamazunchale.com\/landing\/wp-json\/wp\/v2\/posts\/25890\/revisions\/25893"}],"wp:featuredmedia":[{"embeddable":true,"href":"https:\/\/www.radiodigitaltamazunchale.com\/landing\/wp-json\/wp\/v2\/media\/25892"}],"wp:attachment":[{"href":"https:\/\/www.radiodigitaltamazunchale.com\/landing\/wp-json\/wp\/v2\/media?parent=25890"}],"wp:term":[{"taxonomy":"category","embeddable":true,"href":"https:\/\/www.radiodigitaltamazunchale.com\/landing\/wp-json\/wp\/v2\/categories?post=25890"},{"taxonomy":"post_tag","embeddable":true,"href":"https:\/\/www.radiodigitaltamazunchale.com\/landing\/wp-json\/wp\/v2\/tags?post=25890"}],"curies":[{"name":"wp","href":"https:\/\/api.w.org\/{rel}","templated":true}]}}