{"id":25891,"date":"2019-06-19T09:01:23","date_gmt":"2019-06-19T15:01:23","guid":{"rendered":"http:\/\/www.radiodigitaltamazunchale.com\/landing\/?p=25891"},"modified":"2019-06-19T09:01:24","modified_gmt":"2019-06-19T15:01:24","slug":"confia-primo-dothe-que-haya-consenso-para-aprobar-revocacion-de-mandato","status":"publish","type":"post","link":"https:\/\/www.radiodigitaltamazunchale.com\/landing\/uncategorized\/confia-primo-dothe-que-haya-consenso-para-aprobar-revocacion-de-mandato\/","title":{"rendered":"CONF\u00cdA PRIMO DOTH\u00c9 QUE HAYA CONSENSO PARA APROBAR REVOCACI\u00d3N DE MANDATO"},"content":{"rendered":"\n<p>-Esta semana, el Senado tendr\u00e1 grandes resultados para abonar al desarrollo del pa\u00eds; afirma el senador<\/p>\n\n\n\n<p>En el Senado de la Rep\u00fablica se analizar\u00e1n y discutir\u00e1n asuntos importantes para el pa\u00eds, por lo que espera que se pueda encontrar consenso con todas las fuerzas pol\u00edticas para aprobarlo por unanimidad, ya que son temas como la participaci\u00f3n ciudadana, la revocaci\u00f3n de mandato, extinci\u00f3n de dominio, respecto a la declaraci\u00f3n del 3 de 3, teletrabajo.<br>\nOtras propuestas que tienen que ver con la competitividad de las micro, mediana, y peque\u00f1a empresa, as\u00ed como la designaci\u00f3n de cinco nombramientos.<br>\nPor ello, el legislador por el estado de San Luis Potos\u00ed confi\u00f3 en el liderazgo del presidente de la Junta de Coordinaci\u00f3n Pol\u00edtica del Senado de la Rep\u00fablica, Ricardo Monreal, para sacar adelante los acuerdos con todas las fuerzas pol\u00edticas para que en esta semana del periodo extraordinario en el Senado de la Rep\u00fablica se puedan alcanzan grandes resultados.<br>\nDoth\u00e9 Mata record\u00f3 que en estos primeros meses del trabajo del Senado de la Rep\u00fablica se han vencidos grandes desaf\u00edos, por el bien de los mexicanos, tales como la Reforma Educativa, la propuesta de Paridad en todo, entre otros temas que permitir\u00e1n una sociedad m\u00e1s incluyente y con mayor desarrollo.<br>\nPor otro lado, celebr\u00f3 la disposici\u00f3n de la Secretaria de Gobernaci\u00f3n, Olga S\u00e1nchez Cordero al asistir a la plenaria del Grupo Parlamentario de Morena, para analizar los temas del periodo extraordinario. Pues conforme a la autonom\u00eda de cada instituci\u00f3n se requiere conformar esfuerzos comunes para avanzar en todos los temas que abonar\u00e1n a la lucha por regresar la paz y la tranquilidad al pa\u00eds.<\/p>\n","protected":false},"excerpt":{"rendered":"<p>-Esta semana, el Senado tendr\u00e1 grandes resultados para abonar al desarrollo del pa\u00eds; afirma el senador En el Senado de<\/p>\n","protected":false},"author":2,"featured_media":25894,"comment_status":"open","ping_status":"open","sticky":false,"template":"","format":"standard","meta":[],"categories":[1],"tags":[],"_links":{"self":[{"href":"https:\/\/www.radiodigitaltamazunchale.com\/landing\/wp-json\/wp\/v2\/posts\/25891"}],"collection":[{"href":"https:\/\/www.radiodigitaltamazunchale.com\/landing\/wp-json\/wp\/v2\/posts"}],"about":[{"href":"https:\/\/www.radiodigitaltamazunchale.com\/landing\/wp-json\/wp\/v2\/types\/post"}],"author":[{"embeddable":true,"href":"https:\/\/www.radiodigitaltamazunchale.com\/landing\/wp-json\/wp\/v2\/users\/2"}],"replies":[{"embeddable":true,"href":"https:\/\/www.radiodigitaltamazunchale.com\/landing\/wp-json\/wp\/v2\/comments?post=25891"}],"version-history":[{"count":1,"href":"https:\/\/www.radiodigitaltamazunchale.com\/landing\/wp-json\/wp\/v2\/posts\/25891\/revisions"}],"predecessor-version":[{"id":25895,"href":"https:\/\/www.radiodigitaltamazunchale.com\/landing\/wp-json\/wp\/v2\/posts\/25891\/revisions\/25895"}],"wp:featuredmedia":[{"embeddable":true,"href":"https:\/\/www.radiodigitaltamazunchale.com\/landing\/wp-json\/wp\/v2\/media\/25894"}],"wp:attachment":[{"href":"https:\/\/www.radiodigitaltamazunchale.com\/landing\/wp-json\/wp\/v2\/media?parent=25891"}],"wp:term":[{"taxonomy":"category","embeddable":true,"href":"https:\/\/www.radiodigitaltamazunchale.com\/landing\/wp-json\/wp\/v2\/categories?post=25891"},{"taxonomy":"post_tag","embeddable":true,"href":"https:\/\/www.radiodigitaltamazunchale.com\/landing\/wp-json\/wp\/v2\/tags?post=25891"}],"curies":[{"name":"wp","href":"https:\/\/api.w.org\/{rel}","templated":true}]}}