{"id":25940,"date":"2019-06-19T08:07:19","date_gmt":"2019-06-19T14:07:19","guid":{"rendered":"http:\/\/www.radiodigitaltamazunchale.com\/landing\/?p=25940"},"modified":"2019-06-20T08:13:03","modified_gmt":"2019-06-20T14:13:03","slug":"campamento-infantil-2019-en-el-centro-de-las-artes","status":"publish","type":"post","link":"https:\/\/www.radiodigitaltamazunchale.com\/landing\/uncategorized\/campamento-infantil-2019-en-el-centro-de-las-artes\/","title":{"rendered":"CAMPAMENTO INFANTIL 2019 EN EL CENTRO DE LAS ARTES"},"content":{"rendered":"\n<p>La Secretar\u00eda de\nCultura de San Luis Potos\u00ed invita a ni\u00f1as y ni\u00f1os entre\n7 y 12 a\u00f1os, a participar en el Campamento Infantil\n2019 que se llevar\u00e1 a cabo por parte del \u00e1rea acad\u00e9mica del Centro de\nlas Artes San Luis Potos\u00ed Centenario, del 15 de julio al 09 de agosto, con la\nintenci\u00f3n de ofrecer un espacio de aproximaci\u00f3n y acercamiento a las artes\ndesde una perspectiva multidisciplinar fundamentada en el contacto natural,\nl\u00fadico e intuitivo.<\/p>\n\n\n\n<p>Desde hace 10 a\u00f1os\nel Centro de las Artes de San Luis Potos\u00ed realiza el Veranito,\nprograma que aproxima a la poblaci\u00f3n infantil a las pr\u00e1cticas art\u00edsticas y\nculturales, para fomentar la\ncreatividad art\u00edstica, la sensibilidad y apreciaci\u00f3n del arte, as\u00ed como el trabajo en equipo y los valores \u00e9ticos.<\/p>\n\n\n\n<p>Las actividades que\nse realizan durante cuatro semanas buscan que las y\nlos participantes reconozcan la naturaleza de\ndiversos lenguajes art\u00edsticos, aprendan habilidades t\u00e9cnicas y creativas,\ndesarrollen capacidades de trabajo en equipo y\nsocializaci\u00f3n, as\u00ed como tambi\u00e9n\nfomentar el consumo de productos art\u00edsticos y bienes culturales.<\/p>\n\n\n\n<p>El Veranito 2019 se\nconforma de talleres en\nvarias disciplinas art\u00edsticas, una salida de campo, un rally, actividades de car\u00e1cter integrador y presentaciones art\u00edsticas. Las\nactividades integradoras tienen la funci\u00f3n de abordar temas y pr\u00e1cticas desde\nuna perspectiva transversal, y para esto se recurrir\u00e1 a talleres\ninterdisciplinares. <\/p>\n\n\n\n<p>El programa, se llevar\u00e1 a cabo en un horario de 09:00 a 14:00 h., y desarrollar\u00e1 en las y las participantes habilidades en teatro, danza, fotograf\u00eda, artes pl\u00e1sticas, y\naproximaci\u00f3n a la m\u00fasica, adem\u00e1s de ofrecer actividades relacionadas con\nbienestar animal, agroecolog\u00eda, ciencia, literatura\ny n\u00e1huatl.<\/p>\n\n\n\n<p>Las inscripciones\nestar\u00e1n disponibles a partir del pr\u00f3ximo lunes 24 de junio, en el \u00e1rea de\nIntegraci\u00f3n y literatura del CEARTSLP, en horario de 10:00 a 14:00 y de 17:00 a 19:00 h. <\/p>\n","protected":false},"excerpt":{"rendered":"<p>La Secretar\u00eda de Cultura de San Luis Potos\u00ed invita a ni\u00f1as y ni\u00f1os entre 7 y 12 a\u00f1os, a participar<\/p>\n","protected":false},"author":2,"featured_media":25941,"comment_status":"open","ping_status":"open","sticky":false,"template":"","format":"standard","meta":[],"categories":[1],"tags":[],"_links":{"self":[{"href":"https:\/\/www.radiodigitaltamazunchale.com\/landing\/wp-json\/wp\/v2\/posts\/25940"}],"collection":[{"href":"https:\/\/www.radiodigitaltamazunchale.com\/landing\/wp-json\/wp\/v2\/posts"}],"about":[{"href":"https:\/\/www.radiodigitaltamazunchale.com\/landing\/wp-json\/wp\/v2\/types\/post"}],"author":[{"embeddable":true,"href":"https:\/\/www.radiodigitaltamazunchale.com\/landing\/wp-json\/wp\/v2\/users\/2"}],"replies":[{"embeddable":true,"href":"https:\/\/www.radiodigitaltamazunchale.com\/landing\/wp-json\/wp\/v2\/comments?post=25940"}],"version-history":[{"count":1,"href":"https:\/\/www.radiodigitaltamazunchale.com\/landing\/wp-json\/wp\/v2\/posts\/25940\/revisions"}],"predecessor-version":[{"id":25942,"href":"https:\/\/www.radiodigitaltamazunchale.com\/landing\/wp-json\/wp\/v2\/posts\/25940\/revisions\/25942"}],"wp:featuredmedia":[{"embeddable":true,"href":"https:\/\/www.radiodigitaltamazunchale.com\/landing\/wp-json\/wp\/v2\/media\/25941"}],"wp:attachment":[{"href":"https:\/\/www.radiodigitaltamazunchale.com\/landing\/wp-json\/wp\/v2\/media?parent=25940"}],"wp:term":[{"taxonomy":"category","embeddable":true,"href":"https:\/\/www.radiodigitaltamazunchale.com\/landing\/wp-json\/wp\/v2\/categories?post=25940"},{"taxonomy":"post_tag","embeddable":true,"href":"https:\/\/www.radiodigitaltamazunchale.com\/landing\/wp-json\/wp\/v2\/tags?post=25940"}],"curies":[{"name":"wp","href":"https:\/\/api.w.org\/{rel}","templated":true}]}}