{"id":25950,"date":"2019-06-20T14:27:36","date_gmt":"2019-06-20T20:27:36","guid":{"rendered":"http:\/\/www.radiodigitaltamazunchale.com\/landing\/?p=25950"},"modified":"2019-06-20T14:27:39","modified_gmt":"2019-06-20T20:27:39","slug":"ley-de-movilidad-con-proyeccion-del-estado-a-veinte-anos-propone-participacion-de-todas-las-dependencias-y-a-la-ciudadania-como-centro-de-decisiones-jose-antonio-zapata","status":"publish","type":"post","link":"https:\/\/www.radiodigitaltamazunchale.com\/landing\/uncategorized\/ley-de-movilidad-con-proyeccion-del-estado-a-veinte-anos-propone-participacion-de-todas-las-dependencias-y-a-la-ciudadania-como-centro-de-decisiones-jose-antonio-zapata\/","title":{"rendered":"LEY DE MOVILIDAD CON PROYECCI\u00d3N DEL ESTADO A VEINTE A\u00d1OS, PROPONE PARTICIPACI\u00d3N DE TODAS LAS DEPENDENCIAS Y A LA CIUDADAN\u00cdA COMO CENTRO DE DECISIONES: JOS\u00c9 ANTONIO ZAPATA"},"content":{"rendered":"\n<p><strong>La\niniciativa propone pol\u00edticas p\u00fablicas y acciones gubernamentales<\/strong><\/p>\n\n\n\n<p>Con\nel objetivo de responder a la problem\u00e1tica en materia de movilidad, el Diputado\nJos\u00e9 Antonio Zapata Meraz, present\u00f3 ante el pleno del Congreso la propuesta de\nexpedici\u00f3n de la Ley de Movilidad del Estado de San Luis Potos\u00ed, que se discute\nen comisiones. <\/p>\n\n\n\n<p>La\npropuesta es una proyecci\u00f3n del estado a veinte a\u00f1os, mostrando un plan\nestrat\u00e9gico de movilidad del cual incluye transversalmente a todas las\ndependencias y que pone como centro de decisi\u00f3n a la ciudadan\u00eda, con el\nobjetivo de brindarle oportunidades necesarias para la movilizaci\u00f3n.<\/p>\n\n\n\n<p>Contempla\nla planeaci\u00f3n de pol\u00edticas p\u00fablicas y acciones gubernamentales, con especial\n\u00e9nfasis en criterios de transversalidad e integralidad como la coordinaci\u00f3n\ninterinstitucional, la adecuaci\u00f3n de las agencias p\u00fablicas encargadas de\natenderlo y la participaci\u00f3n ciudadana, creando para ese prop\u00f3sito la Direcci\u00f3n\nde Movilidad y la Agenda de Movilidad.<\/p>\n\n\n\n<p>El\nlegislador se\u00f1al\u00f3 que cada vez es m\u00e1s frecuente que la ciudadan\u00eda est\u00e9\npadeciendo de manera m\u00e1s aguda la duplicaci\u00f3n de los tiempos de traslado en la\nmancha urbana, lo que obliga a los gobiernos a pensar en crear alternativas de\ntransporte y la construcci\u00f3n de espacios adecuados para el traslado, como las\nciclov\u00edas. <\/p>\n\n\n\n<p>Consider\u00f3\nque, existe un desaf\u00edo para todas las autoridades del estado, en el \u00e1mbito de\nlas atribuciones de cada una, el cual radica en ser capaces de desarrollar e\nimplementar la regulaci\u00f3n, la planificaci\u00f3n y las acciones adecuadas para poder\ngarantizar a los habitantes las condiciones de movilidad, garantizando la\neficiencia, eficacia y seguridad, as\u00ed como las opciones adecuadas para su\ntraslado.<\/p>\n\n\n\n<p>La\niniciativa de Ley comprende en general, temas como; Planear, organizar,\nadministrar y controlar el espacio urbano y la infraestructura para el seguro,\nlibre y productivo desplazamiento de las personas con discapacidad o movilidad\nreducida, peatones, ciclistas motociclistas y automovilistas.<\/p>\n\n\n\n<p>Se\npropone crear la Direcci\u00f3n de Movilidad, como una unidad administrativa\ndependiente de la Secretar\u00eda de Comunicaciones y Transportes del Estado, con\natribuciones enfocadas a realizar la propuesta del Plan de Movilidad.<\/p>\n\n\n\n<p>Adicionalmente,\nse considera la creaci\u00f3n de la Agenda de Movilidad, como un organismo\ninterinstitucional, y con amplia participaci\u00f3n ciudadana, a trav\u00e9s de\nrepresentantes de los principales sectores productivos y del sector acad\u00e9mico.\nEste organismo tendr\u00eda atribuciones de an\u00e1lisis, modificaci\u00f3n y aprobaci\u00f3n del\nPlan Estatal de Movilidad, y evaluaci\u00f3n de las pol\u00edticas. <\/p>\n\n\n\n<p>Se\npropone que la Agenda de Movilidad, realice la propuesta del nombramiento del\nTitular de la Direcci\u00f3n de Movilidad, y que la Secretar\u00eda de Comunicaciones y\nTransportes, tenga facultad de aprobar dicha propuesta, esto mediante una\nreforma a la Ley Org\u00e1nica de la Administraci\u00f3n Estatal. El Titular durar\u00eda en\nsu encargo los 6 a\u00f1os correspondientes al periodo lectivo de la Administraci\u00f3n\nEstatal.<\/p>\n\n\n\n<p>Zapata\nMeraz, coment\u00f3 que se busca que el plan estatal de desarrollo y planes municipales\nde desarrollo, est\u00e9n abonando al cumplimiento del plan en obras y acciones, por\nlo que se busca que la Ley entre en vigor plenamente en el a\u00f1o 2020, una vez\nque los recursos necesarios hayan sido contemplados en los presupuestos de\negresos.<\/p>\n\n\n\n<p>La\npropuesta fue turnada a comisiones para su an\u00e1lisis y posteriormente ser votada\nen el pleno del Congreso del Estado. <\/p>\n","protected":false},"excerpt":{"rendered":"<p>La iniciativa propone pol\u00edticas p\u00fablicas y acciones gubernamentales Con el objetivo de responder a la problem\u00e1tica en materia de movilidad,<\/p>\n","protected":false},"author":2,"featured_media":17526,"comment_status":"open","ping_status":"open","sticky":false,"template":"","format":"standard","meta":[],"categories":[1],"tags":[],"_links":{"self":[{"href":"https:\/\/www.radiodigitaltamazunchale.com\/landing\/wp-json\/wp\/v2\/posts\/25950"}],"collection":[{"href":"https:\/\/www.radiodigitaltamazunchale.com\/landing\/wp-json\/wp\/v2\/posts"}],"about":[{"href":"https:\/\/www.radiodigitaltamazunchale.com\/landing\/wp-json\/wp\/v2\/types\/post"}],"author":[{"embeddable":true,"href":"https:\/\/www.radiodigitaltamazunchale.com\/landing\/wp-json\/wp\/v2\/users\/2"}],"replies":[{"embeddable":true,"href":"https:\/\/www.radiodigitaltamazunchale.com\/landing\/wp-json\/wp\/v2\/comments?post=25950"}],"version-history":[{"count":1,"href":"https:\/\/www.radiodigitaltamazunchale.com\/landing\/wp-json\/wp\/v2\/posts\/25950\/revisions"}],"predecessor-version":[{"id":25951,"href":"https:\/\/www.radiodigitaltamazunchale.com\/landing\/wp-json\/wp\/v2\/posts\/25950\/revisions\/25951"}],"wp:featuredmedia":[{"embeddable":true,"href":"https:\/\/www.radiodigitaltamazunchale.com\/landing\/wp-json\/wp\/v2\/media\/17526"}],"wp:attachment":[{"href":"https:\/\/www.radiodigitaltamazunchale.com\/landing\/wp-json\/wp\/v2\/media?parent=25950"}],"wp:term":[{"taxonomy":"category","embeddable":true,"href":"https:\/\/www.radiodigitaltamazunchale.com\/landing\/wp-json\/wp\/v2\/categories?post=25950"},{"taxonomy":"post_tag","embeddable":true,"href":"https:\/\/www.radiodigitaltamazunchale.com\/landing\/wp-json\/wp\/v2\/tags?post=25950"}],"curies":[{"name":"wp","href":"https:\/\/api.w.org\/{rel}","templated":true}]}}