{"id":25983,"date":"2019-06-22T12:42:09","date_gmt":"2019-06-22T18:42:09","guid":{"rendered":"http:\/\/www.radiodigitaltamazunchale.com\/landing\/?p=25983"},"modified":"2019-06-22T12:42:10","modified_gmt":"2019-06-22T18:42:10","slug":"cumulo-de-arena-del-sahara-llegara-este-fin-de-semana-a-yucatan","status":"publish","type":"post","link":"https:\/\/www.radiodigitaltamazunchale.com\/landing\/uncategorized\/cumulo-de-arena-del-sahara-llegara-este-fin-de-semana-a-yucatan\/","title":{"rendered":"C\u00daMULO DE  ARENA DEL SAHARA LLEGAR\u00c1 ESTE FIN DE SEMANA A YUCAT\u00c1N"},"content":{"rendered":"\n<h4>El fen\u00f3meno, qu\u00e9 se presenta a\u00f1o con a\u00f1o, llegar\u00e1 con mayor intensidad provocando amaneceres y atardeceres m\u00e1s rojizos; en los dos siguientes meses se espera arribe m\u00e1s polvo.<\/h4>\n\n\n\n<p>La arena del Sahara que amenazaba con llegar hasta Monterrey al inicio de semana, llegar\u00e1 este s\u00e1bado o domingo, pero a la Pen\u00ednsula de Yucat\u00e1n, seg\u00fan reportes del meteor\u00f3logo Juan Antonio Palma.<\/p>\n\n\n\n<p>El c\u00famulo de polvo, que a\u00f1o con a\u00f1o llega hasta territorio mexicano, propiciar\u00e1 un ambiente brumoso y dar\u00e1 la posibilidad de tener amaneceres y atardeceres naranjas y rojizos en toda la Pen\u00ednsula.<\/p>\n\n\n\n<p>\u00abEs algo normal que el polvo del Sahara arribe a la zona de la Pen\u00ednsula de Yucat\u00e1n, de hecho, cada a\u00f1o se presenta en la regi\u00f3n con intensidad variable\u00bb, dijo Palma, quien ha dado seguimiento a este fen\u00f3meno en su sitio y redes.<\/p>\n\n\n\n<p>El polvo que proviene del desierto del Sahara en el norte de \u00c1frica, se compone por arena y aerosoles dispersos, que son efecto de las tormentas que se forman en el extremo occidente del extenso territorio.<\/p>\n\n\n\n<p>\u00abEstas part\u00edculas se elevan a grandes alturas y se meten en corrientes de aire sobre el Atl\u00e1ntico impulsadas por los vientos alisios o del este\u00bb.<\/p>\n\n\n\n<p>Es en esta \u00e9poca del a\u00f1o, que la fuerza de estos vientos alcanza a impulsarlos hasta Am\u00e9rica, por lo que es visible en el Caribe y la regi\u00f3n sureste de M\u00e9xico.<\/p>\n\n\n\n<p>Aunque la arena llegue, no est\u00e1 comprobado que genere alg\u00fan problema para la salud, y solamente se espera que genere paisajes distintos a los usuales y posiblemente altere la posibilidad de precipitaciones.<\/p>\n\n\n\n<p>Fuente El Financiero<\/p>\n\n\n\n<p><\/p>\n","protected":false},"excerpt":{"rendered":"<p>El fen\u00f3meno, qu\u00e9 se presenta a\u00f1o con a\u00f1o, llegar\u00e1 con mayor intensidad provocando amaneceres y atardeceres m\u00e1s rojizos; en los<\/p>\n","protected":false},"author":2,"featured_media":25984,"comment_status":"open","ping_status":"open","sticky":false,"template":"","format":"standard","meta":[],"categories":[1],"tags":[],"_links":{"self":[{"href":"https:\/\/www.radiodigitaltamazunchale.com\/landing\/wp-json\/wp\/v2\/posts\/25983"}],"collection":[{"href":"https:\/\/www.radiodigitaltamazunchale.com\/landing\/wp-json\/wp\/v2\/posts"}],"about":[{"href":"https:\/\/www.radiodigitaltamazunchale.com\/landing\/wp-json\/wp\/v2\/types\/post"}],"author":[{"embeddable":true,"href":"https:\/\/www.radiodigitaltamazunchale.com\/landing\/wp-json\/wp\/v2\/users\/2"}],"replies":[{"embeddable":true,"href":"https:\/\/www.radiodigitaltamazunchale.com\/landing\/wp-json\/wp\/v2\/comments?post=25983"}],"version-history":[{"count":1,"href":"https:\/\/www.radiodigitaltamazunchale.com\/landing\/wp-json\/wp\/v2\/posts\/25983\/revisions"}],"predecessor-version":[{"id":25985,"href":"https:\/\/www.radiodigitaltamazunchale.com\/landing\/wp-json\/wp\/v2\/posts\/25983\/revisions\/25985"}],"wp:featuredmedia":[{"embeddable":true,"href":"https:\/\/www.radiodigitaltamazunchale.com\/landing\/wp-json\/wp\/v2\/media\/25984"}],"wp:attachment":[{"href":"https:\/\/www.radiodigitaltamazunchale.com\/landing\/wp-json\/wp\/v2\/media?parent=25983"}],"wp:term":[{"taxonomy":"category","embeddable":true,"href":"https:\/\/www.radiodigitaltamazunchale.com\/landing\/wp-json\/wp\/v2\/categories?post=25983"},{"taxonomy":"post_tag","embeddable":true,"href":"https:\/\/www.radiodigitaltamazunchale.com\/landing\/wp-json\/wp\/v2\/tags?post=25983"}],"curies":[{"name":"wp","href":"https:\/\/api.w.org\/{rel}","templated":true}]}}