{"id":25986,"date":"2019-06-21T12:58:20","date_gmt":"2019-06-21T18:58:20","guid":{"rendered":"http:\/\/www.radiodigitaltamazunchale.com\/landing\/?p=25986"},"modified":"2019-06-22T12:59:39","modified_gmt":"2019-06-22T18:59:39","slug":"el-pleno-del-congreso-del-estado-reconoce-la-labor-del-instituto-nacional-de-antropologia-e-historia-con-una-sesion-solemne-y-entrega-de-placa","status":"publish","type":"post","link":"https:\/\/www.radiodigitaltamazunchale.com\/landing\/uncategorized\/el-pleno-del-congreso-del-estado-reconoce-la-labor-del-instituto-nacional-de-antropologia-e-historia-con-una-sesion-solemne-y-entrega-de-placa\/","title":{"rendered":"EL PLENO DEL CONGRESO DEL ESTADO RECONOCE LA LABOR DEL INSTITUTO NACIONAL DE ANTROPOLOG\u00cdA E HISTORIA, CON UNA SESI\u00d3N SOLEMNE Y ENTREGA DE PLACA"},"content":{"rendered":"\n<p><strong>SU\nTRABAJO EN LA CONSERVACI\u00d3N, PROTECCI\u00d3N Y DIFUSI\u00d3N DE LA ACTIVIDAD CULTURAL,\nREFUERZA EL PATRIMONIO HIST\u00d3RICO DEL PUEBLO MEXICANO, SE\u00d1AL\u00d3 LA PRESIDENTA DEL\nPODER LEGISLATIVO DIPUTADA SONIA MENDOZA D\u00cdAZ<\/strong><\/p>\n\n\n\n<p>En Sesi\u00f3n Solemne, el pleno de la LXII Legislatura del\nCongreso del Estado, realiz\u00f3 un reconocimiento al Instituto Nacional de\nAntropolog\u00eda e Historia (INAH) en su 80 aniversario.<\/p>\n\n\n\n<p>En representaci\u00f3n del Poder Legislativo el diputado\nMart\u00edn Ju\u00e1rez Cordova se\u00f1al\u00f3 la importancia de esta instituci\u00f3n que impulsa el\nfortalecimiento de la identidad y la memoria de los pueblos, y cuya labor\ninici\u00f3 en 1939 a propuesta del entonces Presidente de la Rep\u00fablica, L\u00e1zaro\nC\u00e1rdenas del R\u00edo para conservar el patrimonio arqueol\u00f3gico e hist\u00f3rico de\nM\u00e9xico.<\/p>\n\n\n\n<p>Afirm\u00f3 que al d\u00eda de hoy, gracias a la labor del INAH, se\nreconoce la inscripci\u00f3n de 35 sitios en la lista de patrimonio mundial de la\nUNESCO, siendo M\u00e9xico el pa\u00eds de Am\u00e9rica Latina con m\u00e1s bienes inscritos.&nbsp; <\/p>\n\n\n\n<p>En San Luis Potos\u00ed, la participaci\u00f3n del INAH&nbsp; se encuentra en diversos sitios arqueol\u00f3gicos\ncomo el de Tamtoc en Tamuin; en Xilitla,\nAquism\u00f3n, y Real de Catorce que con sus edificios reconocidos como monumentos,\nhan alcanzado la denominaci\u00f3n de pueblos m\u00e1gicos, y el centro de la capital con\nsu zona de monumentos hist\u00f3ricos, y edificios de cantera. <\/p>\n\n\n\n<p>\u201cEn sus ocho d\u00e9cadas ha cumplido su misi\u00f3n de acercar a\nla gente al conocimiento de su propia memoria hist\u00f3rica, ha posibilitado el\nacercamiento de la riqueza cultural hist\u00f3rica que se concentra en el patrimonio\ndel pa\u00eds, y ha hecho asequible el turismo como el camino para fortalecer los\nvalores y la identidad en las ciudades y comunidades\u201d, indic\u00f3 el diputado\nJu\u00e1rez C\u00f3rdova.<\/p>\n\n\n\n<p>Reconoci\u00f3 adem\u00e1s, el esfuerzo de la instituci\u00f3n por\nlograr la declaratoria federal de Real de San Pedro como zona monumental\nhist\u00f3rica.<\/p>\n\n\n\n<p>Posteriormente, la diputada Sonia Mendoza D\u00edaz,\npresidenta de la Directiva entreg\u00f3 el Reconocimiento que otorga la LXII\nLegislatura del Congreso del Estado al Instituto Nacional de Antropolog\u00eda e\nHistoria, y que fue recibido por su Director Nacional antrop\u00f3logo Diego Prieto\nHern\u00e1ndez, para reconocer a la instituci\u00f3n por su trabajo y aportaci\u00f3n en el\nreforzamiento de la identidad nacional a trav\u00e9s de la investigaci\u00f3n,\nconservaci\u00f3n, protecci\u00f3n y difusi\u00f3n del patrimonio cultural de M\u00e9xico.<\/p>\n\n\n\n<p>La legisladora Sonia Mendoza indic\u00f3 que es importante\nreconocer la labor del INAH, ya que no es menor, \u201cdado que la investigaci\u00f3n que\ngenera en la conservaci\u00f3n, protecci\u00f3n y difusi\u00f3n de la actividad cultural,\nrefuerza el patrimonio hist\u00f3rico del pueblo mexicano\u201d.<\/p>\n\n\n\n<p>En su intervenci\u00f3n, el Antrop\u00f3logo Diego Prieto\nHern\u00e1ndez, Director Nacional del INAH, agradeci\u00f3 este reconocimiento otorgado\npor la LXII Legislatura y manifest\u00f3 que \u201cesto nos suma para hermanar esfuerzos\nen el compromiso de cuidar nuestro patrimonio, nuestra memoria, nuestra\ndiversidad, y los valores culturales que tienen que acompa\u00f1ar la construcci\u00f3n\nde un M\u00e9xico m\u00e1s justo, m\u00e1s plural, m\u00e1s incluyente y democr\u00e1tico\u201d.<\/p>\n\n\n\n<p>Agreg\u00f3 que la protecci\u00f3n de la memoria y del patrimonio\ncultural de quienes nos han precedido en la construcci\u00f3n de nuestro pa\u00eds, es el\nmotivo que une esfuerzos entre las diversas instituciones.<\/p>\n\n\n\n<p>Como invitados especiales, estuvieron presentes el\nDelegado Federal de INAH, Juan Carlos Machinena Morales; el Coordinador\nNacional de Museos y Exposiciones, Juan Manuel Garibay; el Coordinador Nacional\nde Centros INAH y Fernando Silva Nieto, ex Gobernador del Estado.<\/p>\n\n\n\n<p>En la Sesi\u00f3n Solemne, estuvieron presentes el Secretario\nde Cultura del Estado, Armando Herrera en representaci\u00f3n del Poder Ejecutivo, y\nel Magistrado Felipe Aurelio Torres Z\u00fa\u00f1iga, en representaci\u00f3n del Poder\nJudicial. <\/p>\n","protected":false},"excerpt":{"rendered":"<p>SU TRABAJO EN LA CONSERVACI\u00d3N, PROTECCI\u00d3N Y DIFUSI\u00d3N DE LA ACTIVIDAD CULTURAL, REFUERZA EL PATRIMONIO HIST\u00d3RICO DEL PUEBLO MEXICANO, SE\u00d1AL\u00d3<\/p>\n","protected":false},"author":2,"featured_media":25839,"comment_status":"open","ping_status":"open","sticky":false,"template":"","format":"standard","meta":[],"categories":[1],"tags":[],"_links":{"self":[{"href":"https:\/\/www.radiodigitaltamazunchale.com\/landing\/wp-json\/wp\/v2\/posts\/25986"}],"collection":[{"href":"https:\/\/www.radiodigitaltamazunchale.com\/landing\/wp-json\/wp\/v2\/posts"}],"about":[{"href":"https:\/\/www.radiodigitaltamazunchale.com\/landing\/wp-json\/wp\/v2\/types\/post"}],"author":[{"embeddable":true,"href":"https:\/\/www.radiodigitaltamazunchale.com\/landing\/wp-json\/wp\/v2\/users\/2"}],"replies":[{"embeddable":true,"href":"https:\/\/www.radiodigitaltamazunchale.com\/landing\/wp-json\/wp\/v2\/comments?post=25986"}],"version-history":[{"count":1,"href":"https:\/\/www.radiodigitaltamazunchale.com\/landing\/wp-json\/wp\/v2\/posts\/25986\/revisions"}],"predecessor-version":[{"id":25988,"href":"https:\/\/www.radiodigitaltamazunchale.com\/landing\/wp-json\/wp\/v2\/posts\/25986\/revisions\/25988"}],"wp:featuredmedia":[{"embeddable":true,"href":"https:\/\/www.radiodigitaltamazunchale.com\/landing\/wp-json\/wp\/v2\/media\/25839"}],"wp:attachment":[{"href":"https:\/\/www.radiodigitaltamazunchale.com\/landing\/wp-json\/wp\/v2\/media?parent=25986"}],"wp:term":[{"taxonomy":"category","embeddable":true,"href":"https:\/\/www.radiodigitaltamazunchale.com\/landing\/wp-json\/wp\/v2\/categories?post=25986"},{"taxonomy":"post_tag","embeddable":true,"href":"https:\/\/www.radiodigitaltamazunchale.com\/landing\/wp-json\/wp\/v2\/tags?post=25986"}],"curies":[{"name":"wp","href":"https:\/\/api.w.org\/{rel}","templated":true}]}}