{"id":25995,"date":"2019-06-22T13:52:26","date_gmt":"2019-06-22T19:52:26","guid":{"rendered":"http:\/\/www.radiodigitaltamazunchale.com\/landing\/?p=25995"},"modified":"2019-06-22T13:52:27","modified_gmt":"2019-06-22T19:52:27","slug":"oficialia-mayor-inauguro-la-exposicion-de-arte-ilses-al-paso-y-trote","status":"publish","type":"post","link":"https:\/\/www.radiodigitaltamazunchale.com\/landing\/uncategorized\/oficialia-mayor-inauguro-la-exposicion-de-arte-ilses-al-paso-y-trote\/","title":{"rendered":"OFICIAL\u00cdA MAYOR INAUGUR\u00d3 LA EXPOSICI\u00d3N DE ARTE \u201cILSE\u00b4S AL PASO Y TROTE\u201d"},"content":{"rendered":"\n<p>Extraordinaria respuesta por parte de las y los\nservidores p\u00fablicos del ejecutivo estatal, tuvo la inauguraci\u00f3n de la\nexposici\u00f3n pict\u00f3rica \u201cIlse\u00b4s al paso y trote\u201d, que se inaugur\u00f3 en el Museo\nNacional de la M\u00e1scara. <\/p>\n\n\n\n<p>En representaci\u00f3n de la Oficial Mayor, Ada Amelia\nAndrade Contreras, el Director de Desarrollo Humano, Francisco Javier Escudero\nVilla, agradeci\u00f3 a los presentes, as\u00ed como a la pintora y directora del taller,\nIlse Heinze Meade, por exponer su trabajo y el de sus peque\u00f1os alumnos, que\nactualmente ascienden a 45. <\/p>\n\n\n\n<p>Cabe destacar, que desde hace 15 a\u00f1os, la artista\ncomparte su experiencia a trav\u00e9s de la ense\u00f1anza, al comenzar con un peque\u00f1o\ntaller de pintura de cer\u00e1mica enfocado a dejar huella en la ni\u00f1ez potosina. <\/p>\n\n\n\n<p>En este contexto, Escudero Villa, afirm\u00f3 que la\nOficial\u00eda Mayor de trav\u00e9s de la Direcci\u00f3n de Desarrollo Humano, promueve la\ncultura en sus distintas expresiones como la m\u00fasica, los pl\u00e1sticos,\nling\u00fc\u00edsticos o sonoros, que permiten comunicar ideas, emociones, percepciones y\nsensaciones.<\/p>\n\n\n\n<p>Estuvieron presentes en este evento, la Directora del\nMuseo Nacional de la M\u00e1scara, Mar\u00eda Luisa V\u00e1zquez Bracho-Medina, la Violinista\nSilvana D\u00edaz Rodr\u00edguez, quien interpret\u00f3 \u201cFiorillo, capricho #28, la pintora\nGabriela Haro. <\/p>\n","protected":false},"excerpt":{"rendered":"<p>Extraordinaria respuesta por parte de las y los servidores p\u00fablicos del ejecutivo estatal, tuvo la inauguraci\u00f3n de la exposici\u00f3n pict\u00f3rica<\/p>\n","protected":false},"author":2,"featured_media":25997,"comment_status":"open","ping_status":"open","sticky":false,"template":"","format":"standard","meta":[],"categories":[1],"tags":[],"_links":{"self":[{"href":"https:\/\/www.radiodigitaltamazunchale.com\/landing\/wp-json\/wp\/v2\/posts\/25995"}],"collection":[{"href":"https:\/\/www.radiodigitaltamazunchale.com\/landing\/wp-json\/wp\/v2\/posts"}],"about":[{"href":"https:\/\/www.radiodigitaltamazunchale.com\/landing\/wp-json\/wp\/v2\/types\/post"}],"author":[{"embeddable":true,"href":"https:\/\/www.radiodigitaltamazunchale.com\/landing\/wp-json\/wp\/v2\/users\/2"}],"replies":[{"embeddable":true,"href":"https:\/\/www.radiodigitaltamazunchale.com\/landing\/wp-json\/wp\/v2\/comments?post=25995"}],"version-history":[{"count":1,"href":"https:\/\/www.radiodigitaltamazunchale.com\/landing\/wp-json\/wp\/v2\/posts\/25995\/revisions"}],"predecessor-version":[{"id":25998,"href":"https:\/\/www.radiodigitaltamazunchale.com\/landing\/wp-json\/wp\/v2\/posts\/25995\/revisions\/25998"}],"wp:featuredmedia":[{"embeddable":true,"href":"https:\/\/www.radiodigitaltamazunchale.com\/landing\/wp-json\/wp\/v2\/media\/25997"}],"wp:attachment":[{"href":"https:\/\/www.radiodigitaltamazunchale.com\/landing\/wp-json\/wp\/v2\/media?parent=25995"}],"wp:term":[{"taxonomy":"category","embeddable":true,"href":"https:\/\/www.radiodigitaltamazunchale.com\/landing\/wp-json\/wp\/v2\/categories?post=25995"},{"taxonomy":"post_tag","embeddable":true,"href":"https:\/\/www.radiodigitaltamazunchale.com\/landing\/wp-json\/wp\/v2\/tags?post=25995"}],"curies":[{"name":"wp","href":"https:\/\/api.w.org\/{rel}","templated":true}]}}