{"id":26016,"date":"2019-06-23T15:09:47","date_gmt":"2019-06-23T21:09:47","guid":{"rendered":"http:\/\/www.radiodigitaltamazunchale.com\/landing\/?p=26016"},"modified":"2019-06-23T15:09:48","modified_gmt":"2019-06-23T21:09:48","slug":"trabajadores-del-poder-judicial-recibieron-el-curso-trabajo-en-equipo-en-la-administracion-publica","status":"publish","type":"post","link":"https:\/\/www.radiodigitaltamazunchale.com\/landing\/uncategorized\/trabajadores-del-poder-judicial-recibieron-el-curso-trabajo-en-equipo-en-la-administracion-publica\/","title":{"rendered":"TRABAJADORES DEL PODER JUDICIAL RECIBIERON EL CURSO \u201cTRABAJO EN EQUIPO EN LA ADMINISTRACI\u00d3N P\u00daBLICA\u201d"},"content":{"rendered":"\n<p>Con el objetivo de desarrollar competencias que\ncontribuyan al desempe\u00f1o de tareas organizacionales de forma participativa,\ncoordinada y adecuadas a los nuevos desaf\u00edos en la gesti\u00f3n p\u00fablica, servidores\np\u00fablicos del Poder Judicial recibieron el curso \u201cTrabajo en Equipo\u201d que\nimparti\u00f3 la Oficial\u00eda Mayor de Gobierno del Estado. <\/p>\n\n\n\n<p>Este curso lo imparti\u00f3 Edson Zaragoza Vera,\nintegrante del grupo de capacitadores de la Direcci\u00f3n de Desarrollo Humano de\nOficial\u00eda Mayor, quien explic\u00f3 que cada trabajador tiene una tarea fundamental,\ny que en caso de que alguno falle o no realice las funciones que le fueron\nencomendadas, se afecta el fin com\u00fan.<\/p>\n\n\n\n<p>La Oficial\u00eda Mayor, ha impulsado a lo largo de la\npresente administraci\u00f3n, la&nbsp; capacitaci\u00f3n\ndirigida a quienes buscan mejorar su desempe\u00f1o laboral, por ello, aplica\ndistintas metodolog\u00edas&nbsp; con el prop\u00f3sito\nde que sus trabajadores aprendan habilidades b\u00e1sicas que son necesarias para\nlograr el perfeccionamiento en sus actividades. <\/p>\n\n\n\n<p>Para la Oficial\u00eda Mayor del Ejecutivo la\ncapacitaci\u00f3n se proyecta como un modelo de educaci\u00f3n y evaluaci\u00f3n, a trav\u00e9s del\ncual es necesario formar una cultura de identidad basada en el rendimiento y\ncalidad en las tareas laborales.<\/p>\n","protected":false},"excerpt":{"rendered":"<p>Con el objetivo de desarrollar competencias que contribuyan al desempe\u00f1o de tareas organizacionales de forma participativa, coordinada y adecuadas a<\/p>\n","protected":false},"author":2,"featured_media":26017,"comment_status":"open","ping_status":"open","sticky":false,"template":"","format":"standard","meta":[],"categories":[1],"tags":[],"_links":{"self":[{"href":"https:\/\/www.radiodigitaltamazunchale.com\/landing\/wp-json\/wp\/v2\/posts\/26016"}],"collection":[{"href":"https:\/\/www.radiodigitaltamazunchale.com\/landing\/wp-json\/wp\/v2\/posts"}],"about":[{"href":"https:\/\/www.radiodigitaltamazunchale.com\/landing\/wp-json\/wp\/v2\/types\/post"}],"author":[{"embeddable":true,"href":"https:\/\/www.radiodigitaltamazunchale.com\/landing\/wp-json\/wp\/v2\/users\/2"}],"replies":[{"embeddable":true,"href":"https:\/\/www.radiodigitaltamazunchale.com\/landing\/wp-json\/wp\/v2\/comments?post=26016"}],"version-history":[{"count":1,"href":"https:\/\/www.radiodigitaltamazunchale.com\/landing\/wp-json\/wp\/v2\/posts\/26016\/revisions"}],"predecessor-version":[{"id":26018,"href":"https:\/\/www.radiodigitaltamazunchale.com\/landing\/wp-json\/wp\/v2\/posts\/26016\/revisions\/26018"}],"wp:featuredmedia":[{"embeddable":true,"href":"https:\/\/www.radiodigitaltamazunchale.com\/landing\/wp-json\/wp\/v2\/media\/26017"}],"wp:attachment":[{"href":"https:\/\/www.radiodigitaltamazunchale.com\/landing\/wp-json\/wp\/v2\/media?parent=26016"}],"wp:term":[{"taxonomy":"category","embeddable":true,"href":"https:\/\/www.radiodigitaltamazunchale.com\/landing\/wp-json\/wp\/v2\/categories?post=26016"},{"taxonomy":"post_tag","embeddable":true,"href":"https:\/\/www.radiodigitaltamazunchale.com\/landing\/wp-json\/wp\/v2\/tags?post=26016"}],"curies":[{"name":"wp","href":"https:\/\/api.w.org\/{rel}","templated":true}]}}