{"id":26532,"date":"2019-07-09T09:42:10","date_gmt":"2019-07-09T15:42:10","guid":{"rendered":"http:\/\/www.radiodigitaltamazunchale.com\/landing\/?p=26532"},"modified":"2019-07-09T09:42:11","modified_gmt":"2019-07-09T15:42:11","slug":"conagua-alerta-a-la-huasteca-por-intensa-canicula-este-ano-aqui-las-recomendaciones","status":"publish","type":"post","link":"https:\/\/www.radiodigitaltamazunchale.com\/landing\/uncategorized\/conagua-alerta-a-la-huasteca-por-intensa-canicula-este-ano-aqui-las-recomendaciones\/","title":{"rendered":"CONAGUA ALERTA A LA HUASTECA POR INTENSA CAN\u00cdCULA ESTE A\u00d1O, AQU\u00cd LAS RECOMENDACIONES"},"content":{"rendered":"\n<h3>-Es dif\u00edcil pronosticar el inicio, la duraci\u00f3n e intensidad del fen\u00f3meno clim\u00e1tico, tambi\u00e9n conocido como sequ\u00eda intraestival, de medio verano o veranillo.<\/h3>\n\n\n\n<ul><li><strong>-Afecta principalmente a los grupos vulnerables, ni\u00f1os, adultos mayores, personas con enfermedades cr\u00f3nicas<\/strong>\u00a0o quienes en horarios de mayor radiaci\u00f3n solar realicen actividades f\u00edsicas <\/li><\/ul>\n\n\n\n<p> &#8211;<strong>Protecci\u00f3n Civil<\/strong> inform\u00f3 mantenerse <strong>hidratado<\/strong>, usar\u00a0<strong>protector solar<\/strong>\u00a0y\u00a0<strong>evitar actividades en horas con alta incidencia de rayos solares<\/strong>. <\/p>\n\n\n\n<p> Es una\u00a0<strong>sequ\u00eda intraestival<\/strong>. Un evento clim\u00e1tico que se presenta\u00a0<strong>entre julio y agosto<\/strong>\u00a0en algunas regiones del pa\u00eds donde las lluvias disminuyen y al mismo tiempo se registran altas temperaturas.\u00a0 <\/p>\n\n\n\n<p>Se caracteriza por ser una temporada de intenso calor, en la que se pueden alcanzar temperaturas&nbsp;<strong>arriba de 45\u00b0 grados cent\u00edgrados<\/strong>. Es la temporada m\u00e1s caliente del a\u00f1o.<\/p>\n\n\n\n<p>El organismo de la Comisi\u00f3n Nacional del Agua (<strong>Conagua<\/strong>) detall\u00f3 que sus efectos son m\u00e1s evidentes en&nbsp;<strong>Nuevo Le\u00f3n, Tamaulipas, Veracruz, Hidalgo, Tlaxcala, Puebla, Estado de M\u00e9xico, Morelos, Colima, Michoac\u00e1n, Guerrero, Oaxaca, Tabasco, Chiapas, Campeche, Yucat\u00e1n, Quintana Roo<\/strong>&nbsp;y una porci\u00f3n de&nbsp;<strong>San Luis Potos\u00ed<\/strong>.<\/p>\n\n\n\n<p>En un comunicado, explic\u00f3 que es\u00a0<strong>dif\u00edcil pronosticar el inicio<\/strong>, la\u00a0<strong>duraci\u00f3n<\/strong>\u00a0e\u00a0<strong>intensidad<\/strong>\u00a0del fen\u00f3meno clim\u00e1tico, tambi\u00e9n conocido como\u00a0<strong>sequ\u00eda intraestival<\/strong>, de medio verano o veranillo, porque depende de las condiciones atmosf\u00e9ricas, incluso, en circunstancias excepcionales puede comenzar desde junio o extenderse hasta\u00a0<strong>septiembre<\/strong>. Sin embargo, se contempla que el fen\u00f3meno concluya el\u00a0<strong>pr\u00f3ximo 20 de agosto<\/strong>.<\/p>\n\n\n\n<h2>Recomendaciones<\/h2>\n\n\n\n<ul><li>Evitar exponerse al sol<\/li><li>Realizar actividades durante los horarios de mayor radiaci\u00f3n (entre las 11:00 y 16:00 horas)<\/li><li>Consume suficiente agua o bebidas con electrolitos<\/li><li>Usa sombrillas, gorras o sombreros; as\u00ed como ropa ligera y de colores claros<\/li><li>Aplica protector solar<\/li><li>Lava constantemente las manos<\/li><li>Si lo necesitas, solicita sobre de Vida Suero Oral en los centros de salud<\/li><\/ul>\n\n\n\n<p>Recuerda que ante s\u00edntomas como debilidad y\/o calambres, es necesario que las personas se retiren del sol, se hidraten con electrolitos orales o agua natural, y acudan a la unidad de salud m\u00e1s cercana, para prevenir posibles complicaciones.<\/p>\n\n\n\n<p>Fuente:El Heraldo<\/p>\n\n\n\n<p><\/p>\n","protected":false},"excerpt":{"rendered":"<p>-Es dif\u00edcil pronosticar el inicio, la duraci\u00f3n e intensidad del fen\u00f3meno clim\u00e1tico, tambi\u00e9n conocido como sequ\u00eda intraestival, de medio verano<\/p>\n","protected":false},"author":2,"featured_media":26533,"comment_status":"open","ping_status":"open","sticky":false,"template":"","format":"standard","meta":[],"categories":[1],"tags":[],"_links":{"self":[{"href":"https:\/\/www.radiodigitaltamazunchale.com\/landing\/wp-json\/wp\/v2\/posts\/26532"}],"collection":[{"href":"https:\/\/www.radiodigitaltamazunchale.com\/landing\/wp-json\/wp\/v2\/posts"}],"about":[{"href":"https:\/\/www.radiodigitaltamazunchale.com\/landing\/wp-json\/wp\/v2\/types\/post"}],"author":[{"embeddable":true,"href":"https:\/\/www.radiodigitaltamazunchale.com\/landing\/wp-json\/wp\/v2\/users\/2"}],"replies":[{"embeddable":true,"href":"https:\/\/www.radiodigitaltamazunchale.com\/landing\/wp-json\/wp\/v2\/comments?post=26532"}],"version-history":[{"count":1,"href":"https:\/\/www.radiodigitaltamazunchale.com\/landing\/wp-json\/wp\/v2\/posts\/26532\/revisions"}],"predecessor-version":[{"id":26534,"href":"https:\/\/www.radiodigitaltamazunchale.com\/landing\/wp-json\/wp\/v2\/posts\/26532\/revisions\/26534"}],"wp:featuredmedia":[{"embeddable":true,"href":"https:\/\/www.radiodigitaltamazunchale.com\/landing\/wp-json\/wp\/v2\/media\/26533"}],"wp:attachment":[{"href":"https:\/\/www.radiodigitaltamazunchale.com\/landing\/wp-json\/wp\/v2\/media?parent=26532"}],"wp:term":[{"taxonomy":"category","embeddable":true,"href":"https:\/\/www.radiodigitaltamazunchale.com\/landing\/wp-json\/wp\/v2\/categories?post=26532"},{"taxonomy":"post_tag","embeddable":true,"href":"https:\/\/www.radiodigitaltamazunchale.com\/landing\/wp-json\/wp\/v2\/tags?post=26532"}],"curies":[{"name":"wp","href":"https:\/\/api.w.org\/{rel}","templated":true}]}}