{"id":26664,"date":"2019-07-15T12:50:50","date_gmt":"2019-07-15T18:50:50","guid":{"rendered":"http:\/\/www.radiodigitaltamazunchale.com\/landing\/?p=26664"},"modified":"2019-07-15T12:50:51","modified_gmt":"2019-07-15T18:50:51","slug":"secult-inauguro-la-exposicion-de-exorigen-y-complemento","status":"publish","type":"post","link":"https:\/\/www.radiodigitaltamazunchale.com\/landing\/uncategorized\/secult-inauguro-la-exposicion-de-exorigen-y-complemento\/","title":{"rendered":"SECULT INAUGUR\u00d3  LA EXPOSICI\u00d3N \u201cDE-EXORIGEN Y COMPLEMENTO\u201d"},"content":{"rendered":"\n<p> Con el objetivo de dar a conocer las diversas actividades en el marco del arranque del periodo vacacional, la Secretar\u00eda de Cultura (SECULT) del Gobierno del Estado, inaugur\u00f3 la exposici\u00f3n de pintura y fotograf\u00eda \u201cDe-ex origen y <\/p>\n\n\n\n<p>complemento\u201d, de Antonio y Jos\u00e9\nTercero Mora, en la Galer\u00eda Jos\u00e9 Jayme de esta instituci\u00f3n, ubicada frente al\nJard\u00edn de San Francisco.<\/p>\n\n\n\n<p>Esta exposici\u00f3n de\nAntonio y Jos\u00e9 Tercero Mora, se compone de 20 piezas\nentre fotograf\u00eda y pintura, y se realiza con el apoyo del Gobierno del Estado,\na trav\u00e9s de las Secretar\u00edas de Cultura de San Luis Potos\u00ed\ny federal, la exposici\u00f3n se\nmantendr\u00e1 vigente hasta el 28 de agosto de este a\u00f1o, la entrada es libre.<\/p>\n\n\n\n<p>Antonio Tercero Mora, naci\u00f3 en San Jos\u00e9 del Cabo Baja\nCalifornia Sur en 1986, Estudi\u00f3 la Licenciatura de Artes Pl\u00e1sticas en la\nEscuela Estatal de Artes Pl\u00e1sticas de San Luis Potos\u00ed, y se ha formado como\nartista pl\u00e1stico en el Instituto Potosino de Bellas Artes. Ha tomado diversos cursos de dibujo, grabado y pintura\ntanto en San Luis Potos\u00ed como en el interior de la rep\u00fablica. Desde hace 6 a\u00f1os\nes docente en diferentes instituciones relacionadas a las artes visuales en san\nLuis potos\u00ed, como el IPBA, CUART de la UASLP, as\u00ed\ncomo una residencia art\u00edstica en la Fundaci\u00f3n Veracruz-Ana en la Antigua,\nVeracruz, y en 2017 es seleccionado para representar a M\u00e9xico y mostrar su\ntrabajo en el Festival Mundial de los J\u00f3venes y Estudiantes Sochi 2017, Rusia.\nSu obra pict\u00f3rica reciente es una mezcla entre la\nest\u00e9tica pl\u00e1stica personal, a partir de recuerdos y experiencias, en su entorno\nm\u00e1s inmediato utilizando patrones visuales recurrentes de estructuras\narquitect\u00f3nicas, espectaculares, tipograf\u00eda publicitaria etc. Antonio tercero cuenta con tres exposiciones individuales y 22\ncolectivas.<\/p>\n\n\n\n<p>Jos\u00e9 Tercero Mora\n(Peregrino), naci\u00f3 en La Paz, Baja California Sur, en 1984. Pasante de la\nMaestr\u00eda en Historia del Arte mexicano, Licenciado en Psicolog\u00eda por la UASLP,\nha impartido clases de Fotograf\u00eda en el IPBA, CASLP,\nCUART y UVM, labora como docente en la Coordinaci\u00f3n Acad\u00e9mica en Arte de la\nUASLP. Se form\u00f3 como fot\u00f3grafo en el IPBA y en el CEARTSLP. Entre sus maestras,\nmaestros, tutoras y tutores se encuentran Patricia Mendoza, Humberto Ch\u00e1vez Mayol, Claud\u00ed Carreras, Joan Fontcuberta, Byron\nBrauchli, Cristina Kahlo, Armando Cristeto, Fernando Montiel Klint, Jos\u00e9 Luis\nCuevas, Adriana Calatayud, Pavka Segura, Adela Golbard, Maya Goded, y Carlos\nAguirre, entre otras personas. Ha participado en\ncuatro exposiciones individuales y m\u00e1s de treinta colectivas nacionales e\ninternacionales como Georgia, Portugal, Espa\u00f1a y Argentina; ha publicado en las\nrevistas digitales BEXMAGAZINE, ENCONTRASTE MAGAZINE, FPMAG y PUNTO EN LINEA.\nEntre algunos de los reconocimientos y premios que ha\nrecibido se encuentran: Premio de adquisici\u00f3n del FINI en sus ediciones 2018 y\n2012, Premio de adquisici\u00f3n Ojo Creativo 2017 B.C.S., Menci\u00f3n honorifica Bienal\nde Artes visuales del Noroeste 2017, Menci\u00f3n honorifica Bienal Artemergente Mty. 2017, premio estatal de la juventud\n2014, becario del FONCA 2013-2014, seleccionado ENAJ 2013, entre otros.<\/p>\n","protected":false},"excerpt":{"rendered":"<p>Con el objetivo de dar a conocer las diversas actividades en el marco del arranque del periodo vacacional, la Secretar\u00eda<\/p>\n","protected":false},"author":2,"featured_media":26665,"comment_status":"open","ping_status":"open","sticky":false,"template":"","format":"standard","meta":[],"categories":[1],"tags":[],"_links":{"self":[{"href":"https:\/\/www.radiodigitaltamazunchale.com\/landing\/wp-json\/wp\/v2\/posts\/26664"}],"collection":[{"href":"https:\/\/www.radiodigitaltamazunchale.com\/landing\/wp-json\/wp\/v2\/posts"}],"about":[{"href":"https:\/\/www.radiodigitaltamazunchale.com\/landing\/wp-json\/wp\/v2\/types\/post"}],"author":[{"embeddable":true,"href":"https:\/\/www.radiodigitaltamazunchale.com\/landing\/wp-json\/wp\/v2\/users\/2"}],"replies":[{"embeddable":true,"href":"https:\/\/www.radiodigitaltamazunchale.com\/landing\/wp-json\/wp\/v2\/comments?post=26664"}],"version-history":[{"count":1,"href":"https:\/\/www.radiodigitaltamazunchale.com\/landing\/wp-json\/wp\/v2\/posts\/26664\/revisions"}],"predecessor-version":[{"id":26666,"href":"https:\/\/www.radiodigitaltamazunchale.com\/landing\/wp-json\/wp\/v2\/posts\/26664\/revisions\/26666"}],"wp:featuredmedia":[{"embeddable":true,"href":"https:\/\/www.radiodigitaltamazunchale.com\/landing\/wp-json\/wp\/v2\/media\/26665"}],"wp:attachment":[{"href":"https:\/\/www.radiodigitaltamazunchale.com\/landing\/wp-json\/wp\/v2\/media?parent=26664"}],"wp:term":[{"taxonomy":"category","embeddable":true,"href":"https:\/\/www.radiodigitaltamazunchale.com\/landing\/wp-json\/wp\/v2\/categories?post=26664"},{"taxonomy":"post_tag","embeddable":true,"href":"https:\/\/www.radiodigitaltamazunchale.com\/landing\/wp-json\/wp\/v2\/tags?post=26664"}],"curies":[{"name":"wp","href":"https:\/\/api.w.org\/{rel}","templated":true}]}}