{"id":26757,"date":"2019-07-15T16:40:51","date_gmt":"2019-07-15T22:40:51","guid":{"rendered":"http:\/\/www.radiodigitaltamazunchale.com\/landing\/?p=26757"},"modified":"2019-07-16T16:41:12","modified_gmt":"2019-07-16T22:41:12","slug":"canicula-podria-afectar-a-slp-conmina-pc-a-tomar-agua-y-extremar-precauciones-con-las-altas-temperaturas","status":"publish","type":"post","link":"https:\/\/www.radiodigitaltamazunchale.com\/landing\/uncategorized\/canicula-podria-afectar-a-slp-conmina-pc-a-tomar-agua-y-extremar-precauciones-con-las-altas-temperaturas\/","title":{"rendered":"CAN\u00cdCULA PODR\u00cdA AFECTAR A SLP, CONMINA PC A TOMAR AGUA Y EXTREMAR PRECAUCIONES CON LAS ALTAS TEMPERATURAS"},"content":{"rendered":"\n<p>La\nCoordinaci\u00f3n Estatal de Protecci\u00f3n Civil (PC), advirti\u00f3 que el periodo de altas\ntemperaturas y ausencia de lluvias llamada com\u00fanmente \u201ccan\u00edcula\u201d, podr\u00edan estar\nafectado a San Luis Potos\u00ed a partir de esta segunda quincena de julio y durante\nlos pr\u00f3ximos 40 d\u00edas, aproximadamente.<\/p>\n\n\n\n<p>La\ndependencia estatal se\u00f1al\u00f3 que el Servicio Meteorol\u00f3gico Nacional, de acuerdo\ncon las observaciones realizadas en los \u00faltimos d\u00edas, apreci\u00f3 una disminuci\u00f3n\nde las lluvias, lo que propicia un incremento de las temperaturas en el sur, el\nsureste, el noreste y algunas zonas del centro de la Rep\u00fablica Mexicana, por lo\nque se pronostica que el fen\u00f3meno de la can\u00edcula se establezca durante la\nsegunda quincena de julio en dichas regiones.<\/p>\n\n\n\n<p>Explica\nque la can\u00edcula es conocida tambi\u00e9n como sequ\u00eda intraestival, de medio verano o\nveranillo, su inicio, duraci\u00f3n e intensidad est\u00e1 asociada a otros fen\u00f3menos\natmosf\u00e9ricos como la intensificaci\u00f3n de la corriente de vientos de bajos\nniveles del Caribe, la presencia de los sistemas semipermanentes de alta\npresi\u00f3n atmosf\u00e9rica (anticiclones) en los oc\u00e9anos Atl\u00e1ntico y Pac\u00edfico, la\nincidencia de la radiaci\u00f3n solar y la temperatura superficial del mar, entre\notros, condiciones que van cambiando en el transcurso del tiempo.<\/p>\n\n\n\n<p>Seg\u00fan\ndatos de la Comisi\u00f3n Nacional del Agua, \u201ccon base en los registros de lluvias,\ndel 8 de junio al 7 de julio de 2019 se observ\u00f3 un acumulado de 75.9 litros por\nmetro cuadrado, lo que representa una disminuci\u00f3n del 36.3 por ciento con\nrespecto a la referencia climatol\u00f3gica 1981-2010 para el mismo periodo\u201d.<\/p>\n\n\n\n<p>La\nCoordinaci\u00f3n Estatal de Protecci\u00f3n Civil explic\u00f3 que esta condici\u00f3n no\ngarantiza que no haya lluvias durante el periodo mencionado, sino que pueden\nser menores a los referentes hist\u00f3ricos, incluso podr\u00edan presentarse chubascos\nque afecten a algunas regiones.<\/p>\n\n\n\n<p>En este\nsentido, acot\u00f3 que, precisamente para las pr\u00f3ximas horas podr\u00edan presentarse\nchubascos con actividad el\u00e9ctrica acompa\u00f1ada de granizo y vientos de hasta 50\nkil\u00f3metros por hora.<\/p>\n\n\n\n<p>No\nobstante lo anterior, pidi\u00f3 a la ciudadan\u00eda implementar algunas medidas para\nreducir el riesgo de enfermedades por las altas temperaturas tales como evitar\nla exposici\u00f3n por largo tiempo a los rayos solares, no dejar personas ni\nmascotas dentro de autos estacionados bajo el sol, especialmente menores de\nedad y personas adultas mayores, hidratarse de preferencia con agua natural o\ncon electrolitos, a\u00fan y cuando no se tenga sed, as\u00ed como tener especial cuidado\ncon los alimentos que se descomponen m\u00e1s r\u00e1pidamente a temperatura ambiente.<\/p>\n\n\n\n<p>Pidi\u00f3\ntambi\u00e9n tener m\u00e1s conciencia hacia el ahorro de agua, tratando de usar la menos\nposible a trav\u00e9s de tomarse ba\u00f1os de 10 minutos, utilizar una a dos cubetas de\nagua para lavar el carro y regar las plantas y c\u00e9sped por la noche para evitar\nen la medidas de los posible la evaporaci\u00f3n.<\/p>\n","protected":false},"excerpt":{"rendered":"<p>La Coordinaci\u00f3n Estatal de Protecci\u00f3n Civil (PC), advirti\u00f3 que el periodo de altas temperaturas y ausencia de lluvias llamada com\u00fanmente<\/p>\n","protected":false},"author":2,"featured_media":26759,"comment_status":"open","ping_status":"open","sticky":false,"template":"","format":"standard","meta":[],"categories":[1],"tags":[],"_links":{"self":[{"href":"https:\/\/www.radiodigitaltamazunchale.com\/landing\/wp-json\/wp\/v2\/posts\/26757"}],"collection":[{"href":"https:\/\/www.radiodigitaltamazunchale.com\/landing\/wp-json\/wp\/v2\/posts"}],"about":[{"href":"https:\/\/www.radiodigitaltamazunchale.com\/landing\/wp-json\/wp\/v2\/types\/post"}],"author":[{"embeddable":true,"href":"https:\/\/www.radiodigitaltamazunchale.com\/landing\/wp-json\/wp\/v2\/users\/2"}],"replies":[{"embeddable":true,"href":"https:\/\/www.radiodigitaltamazunchale.com\/landing\/wp-json\/wp\/v2\/comments?post=26757"}],"version-history":[{"count":1,"href":"https:\/\/www.radiodigitaltamazunchale.com\/landing\/wp-json\/wp\/v2\/posts\/26757\/revisions"}],"predecessor-version":[{"id":26760,"href":"https:\/\/www.radiodigitaltamazunchale.com\/landing\/wp-json\/wp\/v2\/posts\/26757\/revisions\/26760"}],"wp:featuredmedia":[{"embeddable":true,"href":"https:\/\/www.radiodigitaltamazunchale.com\/landing\/wp-json\/wp\/v2\/media\/26759"}],"wp:attachment":[{"href":"https:\/\/www.radiodigitaltamazunchale.com\/landing\/wp-json\/wp\/v2\/media?parent=26757"}],"wp:term":[{"taxonomy":"category","embeddable":true,"href":"https:\/\/www.radiodigitaltamazunchale.com\/landing\/wp-json\/wp\/v2\/categories?post=26757"},{"taxonomy":"post_tag","embeddable":true,"href":"https:\/\/www.radiodigitaltamazunchale.com\/landing\/wp-json\/wp\/v2\/tags?post=26757"}],"curies":[{"name":"wp","href":"https:\/\/api.w.org\/{rel}","templated":true}]}}