{"id":26765,"date":"2019-07-17T09:36:39","date_gmt":"2019-07-17T15:36:39","guid":{"rendered":"http:\/\/www.radiodigitaltamazunchale.com\/landing\/?p=26765"},"modified":"2019-07-17T09:36:40","modified_gmt":"2019-07-17T15:36:40","slug":"fiscal-de-slp-iguala-salario-de-mps-y-peritos-respecto-a-defensores-publicos","status":"publish","type":"post","link":"https:\/\/www.radiodigitaltamazunchale.com\/landing\/uncategorized\/fiscal-de-slp-iguala-salario-de-mps-y-peritos-respecto-a-defensores-publicos\/","title":{"rendered":"FISCAL DE SLP IGUALA SALARIO DE MPS Y PERITOS RESPECTO A DEFENSORES P\u00daBLICOS"},"content":{"rendered":"\n<p><strong>En gira de\ntrabajo por la huasteca el Fiscal recibi\u00f3 la noticia que comunic\u00f3 al personal<\/strong><\/p>\n\n\n\n<p><strong>\u2022 Tambi\u00e9n a\nlos Polic\u00edas de Investigaci\u00f3n se les reconocer\u00e1 seg\u00fan los est\u00e1ndares de la\nPolic\u00eda Estatal<\/strong><\/p>\n\n\n\n<p><strong>\u2022 Era un tema\nprioritario de la instituci\u00f3n y del Consejo Ciudadano de Procuraci\u00f3n de\nJusticia<\/strong><\/p>\n\n\n\n<p>CIUDAD VALLES.- En el marco de su gira\npor la Zona Huasteca, el Fiscal General del Estado de San Luis Potos\u00ed, Federico\nArturo Garza Herrera, visit\u00f3 las instalaciones de la S\u00e9ptima Delegaci\u00f3n con\nsede en Ciudad Valles, en donde se reuni\u00f3 con Delegados, Ministerios P\u00fablicos,\nPeritos y Personal de la Polic\u00eda de Investigaci\u00f3n de esa regi\u00f3n, con la\nfinalidad de tratar temas relacionados con las necesidades del personal de la\ninstituci\u00f3n.<\/p>\n\n\n\n<p>\u201cPara mi es importante de viva voz,\nsaber qu\u00e9 est\u00e1n pensando, c\u00f3mo van, qu\u00e9 necesidades tienen, c\u00f3mo podemos\ncorregir algunas omisiones que se tengan, c\u00f3mo poder sumar y establecer un\ncamino a seguir en la construcci\u00f3n de esta Fiscal\u00eda naciente\u201d, puntualiz\u00f3.<\/p>\n\n\n\n<p>Garza Herrera inform\u00f3 en ese momento a\nlas y los presentes la aprobaci\u00f3n de la igualaci\u00f3n en el sueldo de Ministerios\nP\u00fablicos, Peritos y oficiales administrativos, conforme a lo que genan\nDefensores P\u00fablicos, situaci\u00f3n que se ha venido trabajado desde hace varios\na\u00f1os, despu\u00e9s de la integraci\u00f3n del Consejo Ciudadano de Procuraci\u00f3n de\nJusticia, en donde un tema prioritario fue mejorar las condiciones laborales de\nlas y los trabajadores de la FGESLP.<\/p>\n\n\n\n<p>\u201cEstoy muy contento con la noticia, se\nme acaba de informar que a los Ministerios P\u00fablicos, Peritos y a los oficiales\nadministrativos se les va a igualar el salario, en relaci\u00f3n a lo que perciben\nlos Defensores de Oficio, pero tambi\u00e9n se me dijo que en el caso de los\nPolic\u00edas de Investigaci\u00f3n se har\u00e1 el mismo procedimiento que se est\u00e1 realizando\npara los elementos de la Polic\u00eda Estatal, por lo que me parece una muy buena\nnoticia, ya que hay un reconocimiento a su trabajo, hay una igualdad en cuanto\na los salarios\u201d.<\/p>\n\n\n\n<p>Sobre la inversi\u00f3n en equipamiento\ndestinado a \u00e1reas de investigaci\u00f3n, servicios periciales e infraestructura, el\ntitular de la Fiscal\u00eda General del Estado confirm\u00f3 que se sigue trabajando en\nobtener recursos para mejorar cada espacio y dotar de mejores herramientas de\ntrabajo al personal.<\/p>\n\n\n\n<p>\u201cEstamos trabajando en equipamiento,\nPlan M\u00e9rida nos va a apoyar con recursos, por lo que hace al FASP son recursos\nfederales que est\u00e1n por llegar, lo que ser\u00e1 aplicado en las necesidades que se\ntienen en el \u00e1rea de investigaci\u00f3n, adem\u00e1s en el equipamiento de las\ninstalaciones; estamos trabajando mucho en ello\u201d afirm\u00f3.<\/p>\n\n\n\n<p>M\u00e1s tarde se reuni\u00f3 con personal de la\nCuarta Delegaci\u00f3n con sede en Rioverde en donde adem\u00e1s de dialogar con ellos\nsobre acciones de procuraci\u00f3n de justicia, hizo extensiva la noticia de la\nigualaci\u00f3n salarial para esta regi\u00f3n.<\/p>\n\n\n\n<p>De igual forma les indic\u00f3 que en los\npr\u00f3ximos d\u00edas personal administrativo de la instituci\u00f3n les estar\u00e1 explicando\nesta igualaci\u00f3n salarial seg\u00fan cada caso.<\/p>\n","protected":false},"excerpt":{"rendered":"<p>En gira de trabajo por la huasteca el Fiscal recibi\u00f3 la noticia que comunic\u00f3 al personal \u2022 Tambi\u00e9n a los<\/p>\n","protected":false},"author":2,"featured_media":26766,"comment_status":"open","ping_status":"open","sticky":false,"template":"","format":"standard","meta":[],"categories":[1],"tags":[],"_links":{"self":[{"href":"https:\/\/www.radiodigitaltamazunchale.com\/landing\/wp-json\/wp\/v2\/posts\/26765"}],"collection":[{"href":"https:\/\/www.radiodigitaltamazunchale.com\/landing\/wp-json\/wp\/v2\/posts"}],"about":[{"href":"https:\/\/www.radiodigitaltamazunchale.com\/landing\/wp-json\/wp\/v2\/types\/post"}],"author":[{"embeddable":true,"href":"https:\/\/www.radiodigitaltamazunchale.com\/landing\/wp-json\/wp\/v2\/users\/2"}],"replies":[{"embeddable":true,"href":"https:\/\/www.radiodigitaltamazunchale.com\/landing\/wp-json\/wp\/v2\/comments?post=26765"}],"version-history":[{"count":1,"href":"https:\/\/www.radiodigitaltamazunchale.com\/landing\/wp-json\/wp\/v2\/posts\/26765\/revisions"}],"predecessor-version":[{"id":26767,"href":"https:\/\/www.radiodigitaltamazunchale.com\/landing\/wp-json\/wp\/v2\/posts\/26765\/revisions\/26767"}],"wp:featuredmedia":[{"embeddable":true,"href":"https:\/\/www.radiodigitaltamazunchale.com\/landing\/wp-json\/wp\/v2\/media\/26766"}],"wp:attachment":[{"href":"https:\/\/www.radiodigitaltamazunchale.com\/landing\/wp-json\/wp\/v2\/media?parent=26765"}],"wp:term":[{"taxonomy":"category","embeddable":true,"href":"https:\/\/www.radiodigitaltamazunchale.com\/landing\/wp-json\/wp\/v2\/categories?post=26765"},{"taxonomy":"post_tag","embeddable":true,"href":"https:\/\/www.radiodigitaltamazunchale.com\/landing\/wp-json\/wp\/v2\/tags?post=26765"}],"curies":[{"name":"wp","href":"https:\/\/api.w.org\/{rel}","templated":true}]}}