{"id":26774,"date":"2019-07-17T16:07:23","date_gmt":"2019-07-17T22:07:23","guid":{"rendered":"http:\/\/www.radiodigitaltamazunchale.com\/landing\/?p=26774"},"modified":"2019-07-17T16:07:24","modified_gmt":"2019-07-17T22:07:24","slug":"faltan-politicas-publicas-preventivas-para-evitar-el-problema-del-graffiti-que-afecta-gran-parte-de-la-ciudad-diputado-edgardo-hernandez","status":"publish","type":"post","link":"https:\/\/www.radiodigitaltamazunchale.com\/landing\/uncategorized\/faltan-politicas-publicas-preventivas-para-evitar-el-problema-del-graffiti-que-afecta-gran-parte-de-la-ciudad-diputado-edgardo-hernandez\/","title":{"rendered":"FALTAN POL\u00cdTICAS P\u00daBLICAS PREVENTIVAS PARA EVITAR EL PROBLEMA DEL \u201cGRAFFITI\u201d QUE AFECTA GRAN PARTE DE LA CIUDAD: DIPUTADO EDGARDO HERN\u00c1NDEZ"},"content":{"rendered":"\n<p><strong>NO\nES CON ENDURECER MEDIDAS COMO SE SOLUCIONAR\u00c1 SINO CON ACCIONES QUE ATIENDAN LA\nPROBLEM\u00c1TICA JUVENIL<\/strong><\/p>\n\n\n\n<p>La problem\u00e1tica del\ngrafiti que se presenta en la zona metropolitana de San Luis Potos\u00ed, es una\nconsecuencia de la falta de pol\u00edticas sociales efectivas para atender\nadecuadamente a los j\u00f3venes y generarles espacios donde puedan manifestar\nlibremente este tipo de expresiones, se\u00f1al\u00f3 el vocal de la Comisi\u00f3n de Justicia\nde la LXII Legislatura, diputado Edgardo Hern\u00e1ndez Contreras.<\/p>\n\n\n\n<p>Consider\u00f3 que este\nproblema social vinculado con las pintas en edificios hist\u00f3ricos, edificios o\nviviendas debe ser atendido desde un punto de vista social y preventivo, pues\ndesgraciadamente esta pr\u00e1ctica obedece al rechazo y resentimiento que tienen\nlos j\u00f3venes en torno a la sociedad y sus autoridades.<\/p>\n\n\n\n<p>Adem\u00e1s, se\u00f1al\u00f3 que\nel problema del grafiti, no se soluciona mediante el incremento de las penas,\nsino a trav\u00e9s de pol\u00edticas sociales que est\u00e9n debidamente coordinadas entre el\nGobierno del Estado y los Ayuntamientos, pues existen una serie de acciones que\nse han implementado en otras entidades del pa\u00eds con resultados satisfactorios\nque e incluso se pudieran retomar en San Luis Potos\u00ed, a trav\u00e9s del rescate de\nespacios que est\u00e9n destinados exclusivamente para la realizaci\u00f3n de pintas.<\/p>\n\n\n\n<p>El diputado Edgardo\nHern\u00e1ndez, record\u00f3 que anteriormente hab\u00eda un programa en favor de los chavos\nbanda que contemplaba el uso de la barda perimetral del boulevard del R\u00edo\nSantiago, el cual ser\u00eda destinado para la realizaci\u00f3n de grafitis a fin de que\nse evitar\u00e1 que estas pintas las realizaran los j\u00f3venes en los edificios\np\u00fablicos, que no s\u00f3lo da\u00f1an la arquitectura, sino el patrimonio de los\npotosinos.<\/p>\n\n\n\n<p>El legislador,\ntambi\u00e9n consider\u00f3 que el tema del grafiti, est\u00e1 vinculado con \u00e1reas espec\u00edficas\nen la prevenci\u00f3n del delito, mismo que se debe tomar en cuenta por parte&nbsp; las corporaciones de seguridad dentro de sus\nesquemas preventivos y en favor de la generaci\u00f3n de nuevas alternativas para la\njuventud.<\/p>\n\n\n\n<p>Dijo que \u201cen el\ntema de los grafitis se ha trabajado desde el Congreso del Estado, porque es un\nproblema complejo que tambi\u00e9n tiene su encanto, sin embargo, para que funcione\ntiene que haber voluntad del Gobierno del Estado y los Ayuntamientos, aunque\ntambi\u00e9n tiene que intervenir como parte fundamental, la Secretaria de Seguridad\nP\u00fablica en materia de prevenci\u00f3n de delito\u201d.<\/p>\n\n\n\n<p>Sostuvo que la\nclave para solucionar este problema est\u00e1 en la importancia de hacer part\u00edcipes\na los&nbsp; chavos banda a fin de que no se\nsientan marginados sino \u00fatiles. Adem\u00e1s, insisti\u00f3 en que \u201cse deben retomar\nalgunas alternativas para terminar con este problema como sucedi\u00f3 en Quer\u00e9taro\no Pachuca donde se han implementado espacios exclusivos para estas pintas y\ndonde se han tenido buenos resultados, porque el problema del joven es el\nresentimiento y aislamiento, cuando por otra parte se le pueden generar\nprogramas de participaci\u00f3n que les permite integrarse a otras actividades de\n\u00edndole deportivo, acad\u00e9mico y cultural\u201d.<\/p>\n","protected":false},"excerpt":{"rendered":"<p>NO ES CON ENDURECER MEDIDAS COMO SE SOLUCIONAR\u00c1 SINO CON ACCIONES QUE ATIENDAN LA PROBLEM\u00c1TICA JUVENIL La problem\u00e1tica del grafiti<\/p>\n","protected":false},"author":2,"featured_media":26775,"comment_status":"open","ping_status":"open","sticky":false,"template":"","format":"standard","meta":[],"categories":[1],"tags":[],"_links":{"self":[{"href":"https:\/\/www.radiodigitaltamazunchale.com\/landing\/wp-json\/wp\/v2\/posts\/26774"}],"collection":[{"href":"https:\/\/www.radiodigitaltamazunchale.com\/landing\/wp-json\/wp\/v2\/posts"}],"about":[{"href":"https:\/\/www.radiodigitaltamazunchale.com\/landing\/wp-json\/wp\/v2\/types\/post"}],"author":[{"embeddable":true,"href":"https:\/\/www.radiodigitaltamazunchale.com\/landing\/wp-json\/wp\/v2\/users\/2"}],"replies":[{"embeddable":true,"href":"https:\/\/www.radiodigitaltamazunchale.com\/landing\/wp-json\/wp\/v2\/comments?post=26774"}],"version-history":[{"count":1,"href":"https:\/\/www.radiodigitaltamazunchale.com\/landing\/wp-json\/wp\/v2\/posts\/26774\/revisions"}],"predecessor-version":[{"id":26776,"href":"https:\/\/www.radiodigitaltamazunchale.com\/landing\/wp-json\/wp\/v2\/posts\/26774\/revisions\/26776"}],"wp:featuredmedia":[{"embeddable":true,"href":"https:\/\/www.radiodigitaltamazunchale.com\/landing\/wp-json\/wp\/v2\/media\/26775"}],"wp:attachment":[{"href":"https:\/\/www.radiodigitaltamazunchale.com\/landing\/wp-json\/wp\/v2\/media?parent=26774"}],"wp:term":[{"taxonomy":"category","embeddable":true,"href":"https:\/\/www.radiodigitaltamazunchale.com\/landing\/wp-json\/wp\/v2\/categories?post=26774"},{"taxonomy":"post_tag","embeddable":true,"href":"https:\/\/www.radiodigitaltamazunchale.com\/landing\/wp-json\/wp\/v2\/tags?post=26774"}],"curies":[{"name":"wp","href":"https:\/\/api.w.org\/{rel}","templated":true}]}}