{"id":26790,"date":"2019-07-17T16:53:33","date_gmt":"2019-07-17T22:53:33","guid":{"rendered":"http:\/\/www.radiodigitaltamazunchale.com\/landing\/?p=26790"},"modified":"2019-07-17T16:53:34","modified_gmt":"2019-07-17T22:53:34","slug":"concierto-100-de-la-guitarra-flamenca","status":"publish","type":"post","link":"https:\/\/www.radiodigitaltamazunchale.com\/landing\/uncategorized\/concierto-100-de-la-guitarra-flamenca\/","title":{"rendered":"CONCIERTO \u201c100 DE LA GUITARRA FLAMENCA\u201d"},"content":{"rendered":"\n<p>La Secretar\u00eda de Cultura&nbsp;de San Luis Potos\u00ed&nbsp;&nbsp;invita al concierto&nbsp;\u201c100 a\u00f1os de la guitarra flamenca\u201d&nbsp;a cargo de los guitarristas Juan Pablo\nRivera Sierra y Carlos Iv\u00e1n de Le\u00f3n, el viernes 19 del&nbsp;presente a las 19:00 h,&nbsp;en la Casa de Cultura del Barrio de\nSan Sebasti\u00e1n. Entrada libre e invitaci\u00f3n especial a personas con discapacidad.<\/p>\n\n\n\n<p>Juan Pablo Rivera Sierra, guitarrista,\nnaci\u00f3 en San Luis Potos\u00ed; incursion\u00f3 en la m\u00fasica desde temprana edad con\nmaestros de la entidad. Ingres\u00f3 al Estudio de Arte Guitarr\u00edstico de la Ciudad\nde M\u00e9xico, instituci\u00f3n dirigida por el gran guitarrista Manuel L\u00f3pez Ramos,&nbsp;donde fue alumno del maestro Juan\nReyes Unzueta. Desarroll\u00f3 la t\u00e9cnica de guitarra flamenca en el Instituto\nMexicano de Flamencolog\u00eda con el maestro Juan Rosas \u00c1vila. Fue tambi\u00e9n alumno\nde los maestros Jorge Mart\u00ednez Zapata y Ricardo Vega Hern\u00e1ndez. Es egresado de\nla primer generaci\u00f3n de la carrera T\u00e9cnico Superior Instrumentista Ejecutante\ndel IPBA. Como int\u00e9rprete solista se ha presentado en escenarios de M\u00e9xico y\ndel mundo, tocando con orquestas sinf\u00f3nicas, as\u00ed como en d\u00faos, tercetos y\ncuartetos cl\u00e1sicos. Ha realizado cuatro giras en Europa y una en Estados\nUnidos, desarrollando los proyectos Viva M\u00e9xico y Con sentido junto al tenor\nMauricio Villanueva. Es Integrante y fundador de Sul Tasto Ensamble, con el que\nrealiz\u00f3 la gira por Europa Sul&nbsp;Tasto\nEnsamble in Norway. Es licenciado en m\u00fasica con orientaci\u00f3n en pedagog\u00eda\nmusical por la Universidad de Guadalajara.&nbsp;<\/p>\n\n\n\n<p>Carlos Iv\u00e1n de Le\u00f3n, potosino, inici\u00f3 sus\nestudios formales de guitarra en el a\u00f1o 2006 en la Casa de Cultura del Barrio\nde San Miguelito. En 2007 ingres\u00f3 a la Escuela Estatal de Iniciaci\u00f3n Musical\nJuli\u00e1n Carrillo, en la que se gradu\u00f3 con honores en el 2011. En su formaci\u00f3n\nguitarr\u00edstica tuvo como profesores a No\u00e9 Larraga Vallejo, Emmanuel Mendoza,\nJuan Pablo Rivera, Juan Reyes Unzueta,&nbsp;Juan\nCarlos Luna y Miguel \u00c1ngel Castellanos. Ha tomado masterclass y cursos de\nperfeccionamiento con guitarristas de talla mundial como Thomas Villoteau,\nJohan Fostier, Daniel Escoto, David Mozqueda, Manuel Espin\u00e1s, Daniel Pimentel,\nV\u00edctor M\u00e1rquez \u201cTomate\u201d, Ra\u00fal y Ricardo de Luna del ensamble Guitarras de Luna,\nJos\u00e9 Carlos G\u00f3mez y Antonio Rey. Ha participado en festivales internacionales\nde m\u00fasica; y a compartido escenario con artistas de la guitarra a nivel mundial\ncomo \u201cGuitarras de Luna\u201d, Jos\u00e9 Carlos G\u00f3mez y Antonio Rey. Ganador de premios\nde guitarra como el \u201cManuel L\u00f3pez Ramos\u201d y el Concurso Nacional de Guitarra\n\u201cBicentenario\u201d. Es Licenciado en M\u00fasica con especialidad Instrumentista por la\nUniversidad Michoacana de San Nicol\u00e1s de Hidalgo. Director musical de \u201cCantera\nFlamenca\u201d en Morelia, as\u00ed como guitarrista de diversas academias y compa\u00f1\u00edas del\nPa\u00eds. Es considerado uno de los j\u00f3venes guitarristas flamencos mexicanos m\u00e1s\nactivos.&nbsp;<\/p>\n\n\n\n<p>El programa de este concierto incluye\nobras del dominio p\u00fablico, de Andr\u00e9s Batista, Sabicas, Antonio Rey, Paco de\nLuc\u00eda, y de los propios Carlos Iv\u00e1n de Le\u00f3n y Juan Pablo Rivera.<\/p>\n\n\n\n<p>Para conocer las actividades culturales\nque se presentan en los distintos espacios con los que cuenta la Secretar\u00eda de\nCultura en San Luis Potos\u00ed, se invita al p\u00fablico a seguir las redes sociales\ninstitucionales y\/o a descargar la App \u201cSLP Cultura\u201d disponible para\ndispositivos m\u00f3viles Android como iOS.<\/p>\n","protected":false},"excerpt":{"rendered":"<p>La Secretar\u00eda de Cultura&nbsp;de San Luis Potos\u00ed&nbsp;&nbsp;invita al concierto&nbsp;\u201c100 a\u00f1os de la guitarra flamenca\u201d&nbsp;a cargo de los guitarristas Juan Pablo<\/p>\n","protected":false},"author":2,"featured_media":26791,"comment_status":"open","ping_status":"open","sticky":false,"template":"","format":"standard","meta":[],"categories":[1],"tags":[],"_links":{"self":[{"href":"https:\/\/www.radiodigitaltamazunchale.com\/landing\/wp-json\/wp\/v2\/posts\/26790"}],"collection":[{"href":"https:\/\/www.radiodigitaltamazunchale.com\/landing\/wp-json\/wp\/v2\/posts"}],"about":[{"href":"https:\/\/www.radiodigitaltamazunchale.com\/landing\/wp-json\/wp\/v2\/types\/post"}],"author":[{"embeddable":true,"href":"https:\/\/www.radiodigitaltamazunchale.com\/landing\/wp-json\/wp\/v2\/users\/2"}],"replies":[{"embeddable":true,"href":"https:\/\/www.radiodigitaltamazunchale.com\/landing\/wp-json\/wp\/v2\/comments?post=26790"}],"version-history":[{"count":1,"href":"https:\/\/www.radiodigitaltamazunchale.com\/landing\/wp-json\/wp\/v2\/posts\/26790\/revisions"}],"predecessor-version":[{"id":26792,"href":"https:\/\/www.radiodigitaltamazunchale.com\/landing\/wp-json\/wp\/v2\/posts\/26790\/revisions\/26792"}],"wp:featuredmedia":[{"embeddable":true,"href":"https:\/\/www.radiodigitaltamazunchale.com\/landing\/wp-json\/wp\/v2\/media\/26791"}],"wp:attachment":[{"href":"https:\/\/www.radiodigitaltamazunchale.com\/landing\/wp-json\/wp\/v2\/media?parent=26790"}],"wp:term":[{"taxonomy":"category","embeddable":true,"href":"https:\/\/www.radiodigitaltamazunchale.com\/landing\/wp-json\/wp\/v2\/categories?post=26790"},{"taxonomy":"post_tag","embeddable":true,"href":"https:\/\/www.radiodigitaltamazunchale.com\/landing\/wp-json\/wp\/v2\/tags?post=26790"}],"curies":[{"name":"wp","href":"https:\/\/api.w.org\/{rel}","templated":true}]}}