{"id":26800,"date":"2019-07-17T08:54:31","date_gmt":"2019-07-17T14:54:31","guid":{"rendered":"http:\/\/www.radiodigitaltamazunchale.com\/landing\/?p=26800"},"modified":"2019-07-18T08:56:49","modified_gmt":"2019-07-18T14:56:49","slug":"modelo-potosino-internet-para-todos-podria-aplicarse-en-otros-estados-sct","status":"publish","type":"post","link":"https:\/\/www.radiodigitaltamazunchale.com\/landing\/uncategorized\/modelo-potosino-internet-para-todos-podria-aplicarse-en-otros-estados-sct\/","title":{"rendered":"MODELO POTOSINO \u201cINTERNET PARA TODOS\u201d, PODR\u00cdA APLICARSE EN OTROS ESTADOS: SCT"},"content":{"rendered":"\n<ul><li><strong>-Subsecretaria federal de Comunicaciones y Desarrollo Tecnol\u00f3gico      sostiene reuniones de trabajo con el gobernador JMCL.<\/strong><\/li><li><strong>-La Salitrera, Villa de Zaragoza, cuenta con conectividad a      internet, con el apoyo de la SCT estatal. <\/strong><\/li><\/ul>\n\n\n\n<p>Villa\nde Zaragoza S.L.P.- Al conocer el programa \u201cInternet para Todos\u201d que impulsa el\ngobierno estatal, la subsecretaria federal de Comunicaciones y Desarrollo\nTecnol\u00f3gico de la SCT, Salma Jalife Villal\u00f3n, expres\u00f3 que se trata de un esquema\ninteresante que puede ser aplicado en otras entidades para incrementar la\nconectividad del pa\u00eds, y felicit\u00f3 al Gobernador de San Luis Potos\u00ed, Juan Manuel\nCarreras L\u00f3pez, por el modelo colaborativo que se aplic\u00f3 en la comunidad de La\nSalitrera de este municipio.<\/p>\n\n\n\n<p>Asever\u00f3\nque el gobierno federal est\u00e1 buscando formas de reducir costos e incrementar el\nacceso a internet en las zonas rurales y donde m\u00e1s se necesita, como el modelo\ncolaborativo implementado por el gobierno potosino estatal y municipal, en\nVilla de Zaragoza, donde una parte importante la realiz\u00f3 la sociedad civil para\nencontrar lugares para la infraestructura, y con aportaciones de empresarios\ncon responsabilidad social.<\/p>\n\n\n\n<p>Jalife\nVillal\u00f3n afirm\u00f3 que la Secretar\u00eda de Comunicaciones y Transportes est\u00e1\nexplorando diversos modelos para acercar la conectividad, como es la red\ncompartida evoluci\u00f3n 5G, la red troncal de fibra de vidrio sobre la red\nel\u00e9ctrica de CFE, y el uso del espectro radioel\u00e9ctrico.<\/p>\n\n\n\n<p>El\nGobernador del Estado, Juan Manuel Carreras L\u00f3pez asegur\u00f3 que la comunicaci\u00f3n\ncambia la vida, por lo que es un reto que hay que enfrentar y el gobierno\nestatal realizar\u00e1 las gestiones y el esfuerzo necesario para abrir nuevas\noportunidades para que las familias potosinas tengan m\u00e1s bienestar. <\/p>\n\n\n\n<p>Solicit\u00f3\nel apoyo de la secretaria Jalife Villa\u00f3n para que con nuevos modelos todos los\npotosinos y las potosinas est\u00e9n conectados, ya que el internet es un medio que\nsirve no s\u00f3lo para la diversi\u00f3n, sino que es un gran apoyo para impulsar el\nturismo, los negocios, el cr\u00e9dito, la educaci\u00f3n, la salud y para que las\nfamilias est\u00e9n en contacto.<\/p>\n\n\n\n<p>Sobre la\nconectividad en La Salitrera manifest\u00f3 que se trata de un ejemplo muy motivante\nque da una ruta de trabajo para resolver el problema, y agradeci\u00f3 a las\npersonas involucradas para que el modelo tuviera \u00e9xito. <\/p>\n\n\n\n<p>Al\nrespecto, el titular de la SCT en el gobierno estatal, Fernando Ch\u00e1vez M\u00e9ndez\nexpuso que esa comunidad solicit\u00f3 el servicio de conectividad a varias empresas\ntelef\u00f3nicas y les fue negado, por lo que, con el apoyo de la dependencia a su\ncargo, la se\u00f1ora Alma Alicia Hern\u00e1ndez Zavala se fij\u00f3 la meta de encontrar\nterrenos aportados por integrantes de la misma comunidad, para que la empresa\nRuralNet, pudiera colocar la infraestructura necesaria para el servicio.<\/p>\n\n\n\n<p>Francisco\nDaroch, directivo de la empresa de servicio de internet RuralNet solicit\u00f3 a la funcionaria\nfederal que se legalice a los \u201cwhispers\u201d porque son personas que resuelven una\nnecesidad de servicio para las diferentes comunidades y se hace necesario\ntrabajar con ellos tambi\u00e9n, pero de forma legal.<\/p>\n\n\n\n<p>Por la\nma\u00f1ana, Salma Jalife Villal\u00f3n y el gobernador Carreras L\u00f3pez tuvieron una\nreuni\u00f3n de trabajo y realizaron un recorrido por las instalaciones del C-4,\ncuya infraestructura podr\u00eda ser utilizadas para incrementar la conectividad en\nel estado, a trav\u00e9s de modelos p\u00fablico-privados. <\/p>\n","protected":false},"excerpt":{"rendered":"<p>-Subsecretaria federal de Comunicaciones y Desarrollo Tecnol\u00f3gico sostiene reuniones de trabajo con el gobernador JMCL. -La Salitrera, Villa de Zaragoza,<\/p>\n","protected":false},"author":2,"featured_media":26801,"comment_status":"open","ping_status":"open","sticky":false,"template":"","format":"standard","meta":[],"categories":[1],"tags":[],"_links":{"self":[{"href":"https:\/\/www.radiodigitaltamazunchale.com\/landing\/wp-json\/wp\/v2\/posts\/26800"}],"collection":[{"href":"https:\/\/www.radiodigitaltamazunchale.com\/landing\/wp-json\/wp\/v2\/posts"}],"about":[{"href":"https:\/\/www.radiodigitaltamazunchale.com\/landing\/wp-json\/wp\/v2\/types\/post"}],"author":[{"embeddable":true,"href":"https:\/\/www.radiodigitaltamazunchale.com\/landing\/wp-json\/wp\/v2\/users\/2"}],"replies":[{"embeddable":true,"href":"https:\/\/www.radiodigitaltamazunchale.com\/landing\/wp-json\/wp\/v2\/comments?post=26800"}],"version-history":[{"count":1,"href":"https:\/\/www.radiodigitaltamazunchale.com\/landing\/wp-json\/wp\/v2\/posts\/26800\/revisions"}],"predecessor-version":[{"id":26802,"href":"https:\/\/www.radiodigitaltamazunchale.com\/landing\/wp-json\/wp\/v2\/posts\/26800\/revisions\/26802"}],"wp:featuredmedia":[{"embeddable":true,"href":"https:\/\/www.radiodigitaltamazunchale.com\/landing\/wp-json\/wp\/v2\/media\/26801"}],"wp:attachment":[{"href":"https:\/\/www.radiodigitaltamazunchale.com\/landing\/wp-json\/wp\/v2\/media?parent=26800"}],"wp:term":[{"taxonomy":"category","embeddable":true,"href":"https:\/\/www.radiodigitaltamazunchale.com\/landing\/wp-json\/wp\/v2\/categories?post=26800"},{"taxonomy":"post_tag","embeddable":true,"href":"https:\/\/www.radiodigitaltamazunchale.com\/landing\/wp-json\/wp\/v2\/tags?post=26800"}],"curies":[{"name":"wp","href":"https:\/\/api.w.org\/{rel}","templated":true}]}}