{"id":26807,"date":"2019-07-18T10:44:25","date_gmt":"2019-07-18T16:44:25","guid":{"rendered":"http:\/\/www.radiodigitaltamazunchale.com\/landing\/?p=26807"},"modified":"2019-07-18T10:44:27","modified_gmt":"2019-07-18T16:44:27","slug":"dif-estatal-lleva-apoyo-alimentario-a-personas-de-la-tercera-edad","status":"publish","type":"post","link":"https:\/\/www.radiodigitaltamazunchale.com\/landing\/uncategorized\/dif-estatal-lleva-apoyo-alimentario-a-personas-de-la-tercera-edad\/","title":{"rendered":"DIF ESTATAL LLEVA APOYO ALIMENTARIO A PERSONAS DE LA TERCERA EDAD"},"content":{"rendered":"\n<ul><li><strong>-A trav\u00e9s de la Pdpam se apoya a personas adultas mayores en condiciones de desventaja.<\/strong><\/li><\/ul>\n\n\n\n<p>Tal como lo anunci\u00f3 la Presidenta de\nla Junta Directiva del Sistema Estatal para el Desarrollo Integral de la\nFamilia (DIF), Lorena Valle Rodr\u00edguez, contin\u00faa la entrega de despensas a\npersonas de la tercera edad que por diversas circunstancias se encuentran en\ncondiciones de desventaja.<\/p>\n\n\n\n<p>Estas acciones se realizan a trav\u00e9s\nde la Procuradur\u00eda de Protecci\u00f3n de Ni\u00f1as, Ni\u00f1os y Adolescentes (Pdpam),\ninstancia que trabaja por la defensa de los derechos de las personas de la\ntercera edad, as\u00ed como en promover una cultura de protecci\u00f3n, para que las\nfamilias asuman la responsabilidad de cuidar a sus abuelas y abuelos.<\/p>\n\n\n\n<p>Como parte de estas tareas, personal\nde la Procuradur\u00eda visit\u00f3 la colonia Silos, en donde se hab\u00eda detectado a 25\npersonas adultas mayores que viven en condiciones de extrema desventaja, ya sea\npor falta de recursos econ\u00f3micos o condiciones de salud, quienes se integraron\nal padr\u00f3n de beneficiarios del programa de entrega de despensas.<\/p>\n\n\n\n<p>Cabe destacar que la dotaci\u00f3n\nalimenticia, que se entrega de manera mensual, contiene 12 productos de primera\nnecesidad, con los cuales se brinda a las personas un apoyo para que puedan\nmejorar su alimentaci\u00f3n, en donde adem\u00e1s se consideran art\u00edculos conforme a las\nnecesidades de esa etapa de la vida.<\/p>\n\n\n\n<p>La instituci\u00f3n continuar\u00e1 llevando a\ncabo diversas acciones preventivas y de atenci\u00f3n para las personas de la\ntercera, ya que es un compromiso del Gobernador del Estado, Juan Manuel\nCarreras L\u00f3pez, y la Presidenta del DIF Estatal, Lorena Valle Rodr\u00edguez, que se\nprotejan y respeten los derechos de las personas adultas mayores.<\/p>\n","protected":false},"excerpt":{"rendered":"<p>-A trav\u00e9s de la Pdpam se apoya a personas adultas mayores en condiciones de desventaja. Tal como lo anunci\u00f3 la<\/p>\n","protected":false},"author":2,"featured_media":26809,"comment_status":"open","ping_status":"open","sticky":false,"template":"","format":"standard","meta":[],"categories":[1],"tags":[],"_links":{"self":[{"href":"https:\/\/www.radiodigitaltamazunchale.com\/landing\/wp-json\/wp\/v2\/posts\/26807"}],"collection":[{"href":"https:\/\/www.radiodigitaltamazunchale.com\/landing\/wp-json\/wp\/v2\/posts"}],"about":[{"href":"https:\/\/www.radiodigitaltamazunchale.com\/landing\/wp-json\/wp\/v2\/types\/post"}],"author":[{"embeddable":true,"href":"https:\/\/www.radiodigitaltamazunchale.com\/landing\/wp-json\/wp\/v2\/users\/2"}],"replies":[{"embeddable":true,"href":"https:\/\/www.radiodigitaltamazunchale.com\/landing\/wp-json\/wp\/v2\/comments?post=26807"}],"version-history":[{"count":1,"href":"https:\/\/www.radiodigitaltamazunchale.com\/landing\/wp-json\/wp\/v2\/posts\/26807\/revisions"}],"predecessor-version":[{"id":26810,"href":"https:\/\/www.radiodigitaltamazunchale.com\/landing\/wp-json\/wp\/v2\/posts\/26807\/revisions\/26810"}],"wp:featuredmedia":[{"embeddable":true,"href":"https:\/\/www.radiodigitaltamazunchale.com\/landing\/wp-json\/wp\/v2\/media\/26809"}],"wp:attachment":[{"href":"https:\/\/www.radiodigitaltamazunchale.com\/landing\/wp-json\/wp\/v2\/media?parent=26807"}],"wp:term":[{"taxonomy":"category","embeddable":true,"href":"https:\/\/www.radiodigitaltamazunchale.com\/landing\/wp-json\/wp\/v2\/categories?post=26807"},{"taxonomy":"post_tag","embeddable":true,"href":"https:\/\/www.radiodigitaltamazunchale.com\/landing\/wp-json\/wp\/v2\/tags?post=26807"}],"curies":[{"name":"wp","href":"https:\/\/api.w.org\/{rel}","templated":true}]}}