{"id":26852,"date":"2019-07-19T12:16:21","date_gmt":"2019-07-19T18:16:21","guid":{"rendered":"http:\/\/www.radiodigitaltamazunchale.com\/landing\/?p=26852"},"modified":"2019-07-20T12:16:42","modified_gmt":"2019-07-20T18:16:42","slug":"la-lxii-legislatura-organizara-taller-violacion-de-derechos-de-las-y-los-jornaleros-agricolas-en-mexico","status":"publish","type":"post","link":"https:\/\/www.radiodigitaltamazunchale.com\/landing\/uncategorized\/la-lxii-legislatura-organizara-taller-violacion-de-derechos-de-las-y-los-jornaleros-agricolas-en-mexico\/","title":{"rendered":"LA LXII LEGISLATURA ORGANIZAR\u00c1 TALLER \u201cVIOLACI\u00d3N DE DERECHOS DE LAS Y LOS JORNALEROS AGR\u00cdCOLAS EN M\u00c9XICO\u201d."},"content":{"rendered":"\n<p><strong>LA\nDIPUTADA MARITE HERN\u00c1NDEZ, DESTAC\u00d3 LA PARTICIPACI\u00d3N DE PERSONALIDADES EN EL\nCONVERSATORIO \u201cMIGRACI\u00d3N JORNALERA INTERNA EN SLP\u201d<\/strong><\/p>\n\n\n\n<p>La LXII Legislatura del Honorable Congreso del Estado de\nSan Luis Potos\u00ed, a trav\u00e9s de los diputados Marite Hern\u00e1ndez Correa y Pedro\nC\u00e9sar Carrizales Becerra, llevar\u00e1 a cabo el taller&nbsp; \u201cViolaci\u00f3n de Derechos de las y los\nJornaleros y Jornaleras Agr\u00edcolas en M\u00e9xico\u201d, donde participaran ponentes y\nrepresentantes de las instituciones vinculadas a dicho tema.<\/p>\n\n\n\n<p>El evento se desarrollar\u00e1 el pr\u00f3ximo martes 23 de julio\nde 9:30 am, a 14:00 horas, en el auditorio Manuel G\u00f3mez del edificio Presidente\nJu\u00e1rez ubicado en Vallejo #200, donde se desarrollaran una serie de\nconferencias en el marco de la presentaci\u00f3n del Informe \u201cViolaci\u00f3n de Derechos\nde las y los Jornaleros y Jornaleras Agr\u00edcolas en M\u00e9xico\u201d, de la Red Nacional\nde Jornaleros y Jornaleras Agr\u00edcolas.<\/p>\n\n\n\n<p>La diputada Marite Hern\u00e1ndez Correa, destac\u00f3 la\nimportancia de las personalidades que participar\u00e1n a trav\u00e9s del conversatorio\ndenominado \u201cMigraci\u00f3n Jornalera Agr\u00edcola Interna en San Luis Potos\u00ed\u201d. <\/p>\n\n\n\n<p>Entre los ponentes que asistir\u00e1n se encuentra Paulino\nRodr\u00edguez Reyes en representaci\u00f3n del Centro de Derechos Humanos,&nbsp; Mtra. Lilia Romero Perea de Respuesta\nAlternativa, A.C., as\u00ed como la Mtra. Celia Garc\u00eda Valdivieso del Centro de\nDerechos Humanos, Samuel Ru\u00edz, A.C., el Dr. Guillermo Lu\u00e9vano Bustamante de la\nCl\u00ednica Litigio Estrat\u00e9gico en Derechos Humanos de la UASLP, Lic. Rosaura F\u00e9lix\nRodr\u00edguez de la Promotora y Defensor\u00eda de Derechos Humanos del municipio de\nXilitla, Pbro. Cecilio Esparza Ledesma, responsable de la Pastoral Social de la\nDi\u00f3cesis de Ciudad Valles, Lic. Mar\u00eda M\u00e1yela Blanco Ram\u00edrez del Centro de\nEstudios de Cooperaci\u00f3n Internacional y Gesti\u00f3n P\u00fablica A.C, e integrante de la\nCoordinaci\u00f3n de la Red Nacional de Jornaleros y Jornaleras Agr\u00edcolas.<\/p>\n\n\n\n<p>Adem\u00e1s, participar\u00e1n el titular de la Comisi\u00f3n Ejecutiva\nEstatal de Atenci\u00f3n a V\u00edctimas de San Luis Potos\u00ed, Lic. Jorge Vega Arroyo, el\nPbro. Joel Donato Beltr\u00e1n, responsable de la Pastoral Social de la Di\u00f3cesis de\nMatehuala y el Lic. Hugo Armando P\u00e9rez Aguilar, coordinador de la oficina\nregional de la Comisi\u00f3n Nacional de Derechos Humanos.<\/p>\n\n\n\n<p>Cabe destacar que durante el desarrollo de este taller,\nse har\u00e1 la presentaci\u00f3n del documental \u201cRostros en Movimiento, Migrantes\nJornaleros en San Luis Potos\u00ed\u201d.<\/p>\n","protected":false},"excerpt":{"rendered":"<p>LA DIPUTADA MARITE HERN\u00c1NDEZ, DESTAC\u00d3 LA PARTICIPACI\u00d3N DE PERSONALIDADES EN EL CONVERSATORIO \u201cMIGRACI\u00d3N JORNALERA INTERNA EN SLP\u201d La LXII Legislatura<\/p>\n","protected":false},"author":2,"featured_media":26853,"comment_status":"open","ping_status":"open","sticky":false,"template":"","format":"standard","meta":[],"categories":[1],"tags":[],"_links":{"self":[{"href":"https:\/\/www.radiodigitaltamazunchale.com\/landing\/wp-json\/wp\/v2\/posts\/26852"}],"collection":[{"href":"https:\/\/www.radiodigitaltamazunchale.com\/landing\/wp-json\/wp\/v2\/posts"}],"about":[{"href":"https:\/\/www.radiodigitaltamazunchale.com\/landing\/wp-json\/wp\/v2\/types\/post"}],"author":[{"embeddable":true,"href":"https:\/\/www.radiodigitaltamazunchale.com\/landing\/wp-json\/wp\/v2\/users\/2"}],"replies":[{"embeddable":true,"href":"https:\/\/www.radiodigitaltamazunchale.com\/landing\/wp-json\/wp\/v2\/comments?post=26852"}],"version-history":[{"count":1,"href":"https:\/\/www.radiodigitaltamazunchale.com\/landing\/wp-json\/wp\/v2\/posts\/26852\/revisions"}],"predecessor-version":[{"id":26854,"href":"https:\/\/www.radiodigitaltamazunchale.com\/landing\/wp-json\/wp\/v2\/posts\/26852\/revisions\/26854"}],"wp:featuredmedia":[{"embeddable":true,"href":"https:\/\/www.radiodigitaltamazunchale.com\/landing\/wp-json\/wp\/v2\/media\/26853"}],"wp:attachment":[{"href":"https:\/\/www.radiodigitaltamazunchale.com\/landing\/wp-json\/wp\/v2\/media?parent=26852"}],"wp:term":[{"taxonomy":"category","embeddable":true,"href":"https:\/\/www.radiodigitaltamazunchale.com\/landing\/wp-json\/wp\/v2\/categories?post=26852"},{"taxonomy":"post_tag","embeddable":true,"href":"https:\/\/www.radiodigitaltamazunchale.com\/landing\/wp-json\/wp\/v2\/tags?post=26852"}],"curies":[{"name":"wp","href":"https:\/\/api.w.org\/{rel}","templated":true}]}}