{"id":26876,"date":"2019-07-21T09:38:56","date_gmt":"2019-07-21T15:38:56","guid":{"rendered":"http:\/\/www.radiodigitaltamazunchale.com\/landing\/?p=26876"},"modified":"2019-07-22T09:41:15","modified_gmt":"2019-07-22T15:41:15","slug":"hay-buenas-expectativas-de-que-la-empresa-de-servicio-de-transporte-mediante-plataforma-digital-cumpla-en-breve-su-registro-ante-las-autoridades-correspondientes","status":"publish","type":"post","link":"https:\/\/www.radiodigitaltamazunchale.com\/landing\/uncategorized\/hay-buenas-expectativas-de-que-la-empresa-de-servicio-de-transporte-mediante-plataforma-digital-cumpla-en-breve-su-registro-ante-las-autoridades-correspondientes\/","title":{"rendered":"HAY BUENAS EXPECTATIVAS DE QUE LA EMPRESA DE SERVICIO DE TRANSPORTE MEDIANTE PLATAFORMA DIGITAL, CUMPLA EN BREVE SU REGISTRO ANTE LAS AUTORIDADES CORRESPONDIENTES"},"content":{"rendered":"\n<p><strong>-El poder legislativo ha creado el andamiaje jur\u00eddico para el tema del transporte: diputado rolando hervert lara.<\/strong><\/p>\n\n\n\n<p>El\nvicepresidente de la Comisi\u00f3n de Comunicaciones y Transportes del Congreso del\nEstado diputado Rolando Hervert Lara, dio a conocer que directivos de la plataforma\nUBER, se comprometieron a que un plazo no mayor a dos semanas, se iniciar\u00e1 con\nla entrega de documentaci\u00f3n para cumplir con el registro oficial ante la\nSecretaria de Comunicaciones y Transportes del Gobierno del Estado.<\/p>\n\n\n\n<p>No\nobstante, al referirse a la implementaci\u00f3n de operativos para el retiro de\nunidades de la plataforma Uber que no han cumplido con el registro formal, el\nlegislador se\u00f1al\u00f3 que est\u00e1 es una decisi\u00f3n exclusiva de la Secretaria de\nComunicaciones y Transportes, pues el Congreso del Estado, s\u00f3lo tiene la\natribuci\u00f3n de crear leyes y armonizarlas para contribuir a que se brinde un\nmejor servicio de transporte a la ciudadan\u00eda.<\/p>\n\n\n\n<p>Hervert\nLara, reconoci\u00f3 que por el momento existe un gran avance en los acuerdos que se\nhan realizado entre directivos de UBER y la SCT, pues a partir del pasado\nmi\u00e9rcoles 17 de julio, se cumpli\u00f3 con la restricci\u00f3n de realizar cobros en\nefectivo por el servicio contratado mediante el uso de las plataformas,\ndecisi\u00f3n que debe ser bien vista por los taxistas tradicionales, tomando en\ncuenta que el nacimiento de Uber, contemplaba esta condicionante.<\/p>\n\n\n\n<p>El\nvicepresidente de la Comisi\u00f3n de Comunicaciones y Transportes del Congreso del\nEstado, dijo que&nbsp; \u201cesperemos que en dos\nsemanas como lo prometi\u00f3 Uber, se registre ante la autoridad, aunque no es un\nplazo, pero si esperemos, porque ellos dijeron que en dos semanas ingresan toda\nla documentaci\u00f3n. Si ingresan y cumplen con todo, yo creo que la SCT va a\nautorizarlo\u201d, agreg\u00f3.<\/p>\n\n\n\n<p>Reiter\u00f3\nque el haber establecido el m\u00e9todo de pago v\u00eda tarjeta, correspondi\u00f3 a una\nacci\u00f3n representativa \u201chubo una pl\u00e1tica con nosotros y con la autoridad, ya con\nla autoridad acordaron eso de que la aplicaci\u00f3n no realice el cobro en\nefectivo, por lo tanto, como era una restricci\u00f3n en la ley, ellos est\u00e1n procediendo\na registrarse, es un avance importante y todo esto viene propiciado por la\niniciativa que se aprob\u00f3 recientemente en el Congreso del Estado en lo que se\nrefiere el uso de las plataformas\u201d, acot\u00f3.<\/p>\n\n\n\n<p>Por\n\u00faltimo, insisti\u00f3 en se\u00f1alar que ser\u00e1 la Secretaria de Comunicaciones y\nTransportes, la que tendr\u00e1 que decidir, si contin\u00faa o no con los operativos,\nmientras se lleva a cabo el registro de la plataforma de Uber para que puedan\noperar de manera legal en el Estado.<\/p>\n","protected":false},"excerpt":{"rendered":"<p>-El poder legislativo ha creado el andamiaje jur\u00eddico para el tema del transporte: diputado rolando hervert lara. El vicepresidente de<\/p>\n","protected":false},"author":2,"featured_media":26752,"comment_status":"open","ping_status":"open","sticky":false,"template":"","format":"standard","meta":[],"categories":[1],"tags":[],"_links":{"self":[{"href":"https:\/\/www.radiodigitaltamazunchale.com\/landing\/wp-json\/wp\/v2\/posts\/26876"}],"collection":[{"href":"https:\/\/www.radiodigitaltamazunchale.com\/landing\/wp-json\/wp\/v2\/posts"}],"about":[{"href":"https:\/\/www.radiodigitaltamazunchale.com\/landing\/wp-json\/wp\/v2\/types\/post"}],"author":[{"embeddable":true,"href":"https:\/\/www.radiodigitaltamazunchale.com\/landing\/wp-json\/wp\/v2\/users\/2"}],"replies":[{"embeddable":true,"href":"https:\/\/www.radiodigitaltamazunchale.com\/landing\/wp-json\/wp\/v2\/comments?post=26876"}],"version-history":[{"count":1,"href":"https:\/\/www.radiodigitaltamazunchale.com\/landing\/wp-json\/wp\/v2\/posts\/26876\/revisions"}],"predecessor-version":[{"id":26877,"href":"https:\/\/www.radiodigitaltamazunchale.com\/landing\/wp-json\/wp\/v2\/posts\/26876\/revisions\/26877"}],"wp:featuredmedia":[{"embeddable":true,"href":"https:\/\/www.radiodigitaltamazunchale.com\/landing\/wp-json\/wp\/v2\/media\/26752"}],"wp:attachment":[{"href":"https:\/\/www.radiodigitaltamazunchale.com\/landing\/wp-json\/wp\/v2\/media?parent=26876"}],"wp:term":[{"taxonomy":"category","embeddable":true,"href":"https:\/\/www.radiodigitaltamazunchale.com\/landing\/wp-json\/wp\/v2\/categories?post=26876"},{"taxonomy":"post_tag","embeddable":true,"href":"https:\/\/www.radiodigitaltamazunchale.com\/landing\/wp-json\/wp\/v2\/tags?post=26876"}],"curies":[{"name":"wp","href":"https:\/\/api.w.org\/{rel}","templated":true}]}}