{"id":28395,"date":"2019-09-17T12:44:22","date_gmt":"2019-09-17T18:44:22","guid":{"rendered":"http:\/\/www.radiodigitaltamazunchale.com\/landing\/?p=28395"},"modified":"2019-09-17T12:44:25","modified_gmt":"2019-09-17T18:44:25","slug":"realizan-en-chapulhuacanito-desfile-conmemorativo-del-209-aniversario-de-la-independencia-de-mexico","status":"publish","type":"post","link":"https:\/\/www.radiodigitaltamazunchale.com\/landing\/uncategorized\/realizan-en-chapulhuacanito-desfile-conmemorativo-del-209-aniversario-de-la-independencia-de-mexico\/","title":{"rendered":"REALIZAN EN CHAPULHUACANITO DESFILE CONMEMORATIVO DEL 209 ANIVERSARIO DE LA INDEPENDENCIA DE MEXICO"},"content":{"rendered":"\n<p>La ma\u00f1ana de este martes 17 de septiembre se realiz\u00f3 en la delegaci\u00f3n de Chapulhuacanito con la presencia de instituciones educativas, autoridades locales y organizaciones policiacas el desfile conmemorativo del 209 aniversario de la Independencia de M\u00e9xico.<\/p>\n\n\n\n<p>Con atuendos alusivos a la fecha, carros aleg\u00f3ricos y el toque marcial de la banda de guerra, decenas de alumnos, padres de familia, maestros y vecinos de la localidad recorrieron las calles de Chapulhuacanito, para recordar a los h\u00e9roes que brindaron patria y libertad a los mexicanos.<\/p>\n\n\n\n<p>Durante el recorrido encabezaron los contingentes las autoridades de la delegaci\u00f3n, adem\u00e1s del comisariado ejidal y el comit\u00e9 de vigilancia, seguidos de 11 instituciones educativas de la delegaci\u00f3n entre ellas la preparatoria de Tezontla que fungi\u00f3 como invitada especial a este agradable evento.<\/p>\n\n\n\n<p>\u201cAgradezco la participaci\u00f3n de los alumnos y de los vecinos de nuestro querido Chapulhuacanito, porque sin su colaboraci\u00f3n y la de los padres de familia y maestros, esta actividad no se hubiera podido llevar a cabo, tuvimos saldo blanco y la alegr\u00eda de todos los presentes mezcladas con el orgullo de ser mexicanos independientes\u201d, se\u00f1al\u00f3 Amaury Zuviry Caro, principal autoridad de la Delegaci\u00f3n.<\/p>\n","protected":false},"excerpt":{"rendered":"<p>La ma\u00f1ana de este martes 17 de septiembre se realiz\u00f3 en la delegaci\u00f3n de Chapulhuacanito con la presencia de instituciones<\/p>\n","protected":false},"author":2,"featured_media":28396,"comment_status":"open","ping_status":"open","sticky":false,"template":"","format":"standard","meta":[],"categories":[1],"tags":[],"_links":{"self":[{"href":"https:\/\/www.radiodigitaltamazunchale.com\/landing\/wp-json\/wp\/v2\/posts\/28395"}],"collection":[{"href":"https:\/\/www.radiodigitaltamazunchale.com\/landing\/wp-json\/wp\/v2\/posts"}],"about":[{"href":"https:\/\/www.radiodigitaltamazunchale.com\/landing\/wp-json\/wp\/v2\/types\/post"}],"author":[{"embeddable":true,"href":"https:\/\/www.radiodigitaltamazunchale.com\/landing\/wp-json\/wp\/v2\/users\/2"}],"replies":[{"embeddable":true,"href":"https:\/\/www.radiodigitaltamazunchale.com\/landing\/wp-json\/wp\/v2\/comments?post=28395"}],"version-history":[{"count":1,"href":"https:\/\/www.radiodigitaltamazunchale.com\/landing\/wp-json\/wp\/v2\/posts\/28395\/revisions"}],"predecessor-version":[{"id":28397,"href":"https:\/\/www.radiodigitaltamazunchale.com\/landing\/wp-json\/wp\/v2\/posts\/28395\/revisions\/28397"}],"wp:featuredmedia":[{"embeddable":true,"href":"https:\/\/www.radiodigitaltamazunchale.com\/landing\/wp-json\/wp\/v2\/media\/28396"}],"wp:attachment":[{"href":"https:\/\/www.radiodigitaltamazunchale.com\/landing\/wp-json\/wp\/v2\/media?parent=28395"}],"wp:term":[{"taxonomy":"category","embeddable":true,"href":"https:\/\/www.radiodigitaltamazunchale.com\/landing\/wp-json\/wp\/v2\/categories?post=28395"},{"taxonomy":"post_tag","embeddable":true,"href":"https:\/\/www.radiodigitaltamazunchale.com\/landing\/wp-json\/wp\/v2\/tags?post=28395"}],"curies":[{"name":"wp","href":"https:\/\/api.w.org\/{rel}","templated":true}]}}