{"id":31904,"date":"2019-12-28T14:40:08","date_gmt":"2019-12-28T20:40:08","guid":{"rendered":"http:\/\/www.radiodigitaltamazunchale.com\/landing\/?p=31904"},"modified":"2020-01-31T14:41:50","modified_gmt":"2020-01-31T20:41:50","slug":"necesario-que-existan-paraderos-y-senaletica-adecuada-para-personas-con-discapacidad-en-el-transporte-publico","status":"publish","type":"post","link":"https:\/\/www.radiodigitaltamazunchale.com\/landing\/uncategorized\/necesario-que-existan-paraderos-y-senaletica-adecuada-para-personas-con-discapacidad-en-el-transporte-publico\/","title":{"rendered":"NECESARIO QUE EXISTAN PARADEROS Y SE\u00d1AL\u00c9TICA ADECUADA PARA PERSONAS CON DISCAPACIDAD EN EL TRANSPORTE P\u00daBLICO."},"content":{"rendered":"\n<p><strong>DIP.\nANG\u00c9LICA MENDOZA CAMACHO PRESENT\u00d3 INICIATIVA DE REFORMA A LA LEY DE TRANSPORTE\nP\u00daBLICO DEL ESTADO<\/strong><\/p>\n\n\n\n<p>Es urgente e indispensable que la Secretar\u00eda de\nComunicaciones y Transportes Estatal, establezca paraderos adecuados, bien\nubicados, en puntos espec\u00edficos, con suficiente se\u00f1al\u00e9tica y amplia\ndifusi\u00f3n, para que el transporte p\u00fablico en cualquiera de sus modalidades,\nbrinde el servicio de ascenso y descenso, de manera segura y oportuna, para las\npersonas con discapacidad.<\/p>\n\n\n\n<p>La diputada Ang\u00e9lica Mendoza Camacho present\u00f3 una\niniciativa de reforma a la Ley de Transporte P\u00fablico del Estado, \u201cdebido al\nllamado que el sector de personas con discapacidad nos hace y que reclama\natenci\u00f3n para el respeto a su derecho de inclusi\u00f3n, como Derecho Humano\u201d.<\/p>\n\n\n\n<p>Se\u00f1al\u00f3 que el transporte p\u00fablico tanto en la modalidad\nde transporte urbano como de autom\u00f3vil de alquiler, representa para la\npoblaci\u00f3n potosina, sobre todo la de escasos recursos econ\u00f3micos y personas\ncon discapacidad, la opci\u00f3n m\u00e1s importante para poder llevar a cabo el\ndesarrollo de sus actividades cotidianas, convirti\u00e9ndose en un elemento\nindispensable para su movilidad y acudir a sus diferentes destinos ya sea para\nestudiar, laborar, atenci\u00f3n m\u00e9dica, o ir de compras.<\/p>\n\n\n\n<p>La diputada Mendoza Camacho expuso que d\u00eda con d\u00eda,\nsobretodo en horas pico, se puede ver que los veh\u00edculos del transporte\np\u00fablico urbano, realizan su paradas para el ascenso y descenso de pasajeros\nfuera de las \u00e1reas establecidas para ese prop\u00f3sito, constantemente se\npresentan accidentes y por consecuencia, las personas con discapacidad est\u00e1n\nen grave riesgo, y les es materialmente imposible poder abordarlos.<\/p>\n\n\n\n<p>Por lo tanto, dichas personas con discapacidad, se ven\nobligadas a utilizar el transporte en su modalidad de autom\u00f3vil de alquiler,\npero el problema que afrontan es que su econom\u00eda se ve afectada y al final\ncontin\u00faan en riesgo, ya que este tipo de transporte tampoco cuenta con lugares\nadecuados para poder abordarlos.<\/p>\n\n\n\n<p>La legisladora Ang\u00e9lica Mendoza expuso que el tema de los\nparaderos se encuentra establecido en los art\u00edculos 98 y 99 de la Ley de\nTransporte P\u00fablico, pero solo de manera general como parte de los servicios\nauxiliares, sin considerar la importancia que merece el caso espec\u00edfico de las\npersonas con discapacidad.<\/p>\n","protected":false},"excerpt":{"rendered":"<p>DIP. ANG\u00c9LICA MENDOZA CAMACHO PRESENT\u00d3 INICIATIVA DE REFORMA A LA LEY DE TRANSPORTE P\u00daBLICO DEL ESTADO Es urgente e indispensable<\/p>\n","protected":false},"author":1,"featured_media":31905,"comment_status":"open","ping_status":"open","sticky":false,"template":"","format":"standard","meta":[],"categories":[1],"tags":[],"_links":{"self":[{"href":"https:\/\/www.radiodigitaltamazunchale.com\/landing\/wp-json\/wp\/v2\/posts\/31904"}],"collection":[{"href":"https:\/\/www.radiodigitaltamazunchale.com\/landing\/wp-json\/wp\/v2\/posts"}],"about":[{"href":"https:\/\/www.radiodigitaltamazunchale.com\/landing\/wp-json\/wp\/v2\/types\/post"}],"author":[{"embeddable":true,"href":"https:\/\/www.radiodigitaltamazunchale.com\/landing\/wp-json\/wp\/v2\/users\/1"}],"replies":[{"embeddable":true,"href":"https:\/\/www.radiodigitaltamazunchale.com\/landing\/wp-json\/wp\/v2\/comments?post=31904"}],"version-history":[{"count":1,"href":"https:\/\/www.radiodigitaltamazunchale.com\/landing\/wp-json\/wp\/v2\/posts\/31904\/revisions"}],"predecessor-version":[{"id":31906,"href":"https:\/\/www.radiodigitaltamazunchale.com\/landing\/wp-json\/wp\/v2\/posts\/31904\/revisions\/31906"}],"wp:featuredmedia":[{"embeddable":true,"href":"https:\/\/www.radiodigitaltamazunchale.com\/landing\/wp-json\/wp\/v2\/media\/31905"}],"wp:attachment":[{"href":"https:\/\/www.radiodigitaltamazunchale.com\/landing\/wp-json\/wp\/v2\/media?parent=31904"}],"wp:term":[{"taxonomy":"category","embeddable":true,"href":"https:\/\/www.radiodigitaltamazunchale.com\/landing\/wp-json\/wp\/v2\/categories?post=31904"},{"taxonomy":"post_tag","embeddable":true,"href":"https:\/\/www.radiodigitaltamazunchale.com\/landing\/wp-json\/wp\/v2\/tags?post=31904"}],"curies":[{"name":"wp","href":"https:\/\/api.w.org\/{rel}","templated":true}]}}