{"id":37967,"date":"2020-09-17T12:06:16","date_gmt":"2020-09-17T18:06:16","guid":{"rendered":"http:\/\/www.radiodigitaltamazunchale.com\/landing\/?p=37967"},"modified":"2020-09-17T12:06:17","modified_gmt":"2020-09-17T18:06:17","slug":"mexico-y-estados-unidos-acordaron-ampliar-por-un-mes-mas-las-restricciones-al-transito-terrestre-no-esenciales-en-la-frontera","status":"publish","type":"post","link":"https:\/\/www.radiodigitaltamazunchale.com\/landing\/uncategorized\/mexico-y-estados-unidos-acordaron-ampliar-por-un-mes-mas-las-restricciones-al-transito-terrestre-no-esenciales-en-la-frontera\/","title":{"rendered":"M\u00c9XICO Y ESTADOS UNIDOS ACORDARON AMPLIAR, POR UN MES M\u00c1S, LAS RESTRICCIONES AL TR\u00c1NSITO TERRESTRE NO ESENCIALES EN LA FRONTERA"},"content":{"rendered":"\n<p>Los<strong>&nbsp;gobiernos de Estados Unidos y M\u00e9xico<\/strong>&nbsp;acordaron&nbsp;<strong>ampliar<\/strong>&nbsp;por un&nbsp;<strong>mes m\u00e1s<\/strong>&nbsp;las&nbsp;<strong>restricciones<\/strong>&nbsp;al&nbsp;<strong>tr\u00e1nsito terrestre&nbsp;no esenciales<\/strong>&nbsp;en la frontera com\u00fan.<\/p>\n\n\n\n<p>Dichas medidas estar\u00e1n vigentes hasta el pr\u00f3ximo 21 de octubre de 2020, seg\u00fan los t\u00e9rminos del acuerdo.<\/p>\n\n\n\n<p>\u201cAmbos pa\u00edses coordinar\u00e1n las medidas sanitarias en la regi\u00f3n fronteriza que estar\u00e1n vigentes hasta las 23:59 hrs. del 21 de octubre de 2020\u201d, inform\u00f3 la\u00a0<strong>Secretar\u00eda de Relaciones Exteriores<\/strong>\u00a0(<strong>SRE<\/strong>) en su cuenta de Twitter.<\/p>\n\n\n\n<p>La<strong>\u00a0Canciller\u00eda<\/strong>\u00a0inform\u00f3 que las restricciones se mantendr\u00e1n en los\u00a0<strong>mismos t\u00e9rminos<\/strong>\u00a0en que se han desarrollado desde su implementaci\u00f3n el pasado 21 de marzo.<\/p>\n\n\n\n<p>Con informaci\u00f3n de L\u00f3pez-D\u00f3riga Digital<\/p>\n","protected":false},"excerpt":{"rendered":"<p>Los&nbsp;gobiernos de Estados Unidos y M\u00e9xico&nbsp;acordaron&nbsp;ampliar&nbsp;por un&nbsp;mes m\u00e1s&nbsp;las&nbsp;restricciones&nbsp;al&nbsp;tr\u00e1nsito terrestre&nbsp;no esenciales&nbsp;en la frontera com\u00fan. Dichas medidas estar\u00e1n vigentes hasta el pr\u00f3ximo<\/p>\n","protected":false},"author":2,"featured_media":37968,"comment_status":"open","ping_status":"open","sticky":false,"template":"","format":"standard","meta":[],"categories":[1],"tags":[],"_links":{"self":[{"href":"https:\/\/www.radiodigitaltamazunchale.com\/landing\/wp-json\/wp\/v2\/posts\/37967"}],"collection":[{"href":"https:\/\/www.radiodigitaltamazunchale.com\/landing\/wp-json\/wp\/v2\/posts"}],"about":[{"href":"https:\/\/www.radiodigitaltamazunchale.com\/landing\/wp-json\/wp\/v2\/types\/post"}],"author":[{"embeddable":true,"href":"https:\/\/www.radiodigitaltamazunchale.com\/landing\/wp-json\/wp\/v2\/users\/2"}],"replies":[{"embeddable":true,"href":"https:\/\/www.radiodigitaltamazunchale.com\/landing\/wp-json\/wp\/v2\/comments?post=37967"}],"version-history":[{"count":1,"href":"https:\/\/www.radiodigitaltamazunchale.com\/landing\/wp-json\/wp\/v2\/posts\/37967\/revisions"}],"predecessor-version":[{"id":37969,"href":"https:\/\/www.radiodigitaltamazunchale.com\/landing\/wp-json\/wp\/v2\/posts\/37967\/revisions\/37969"}],"wp:featuredmedia":[{"embeddable":true,"href":"https:\/\/www.radiodigitaltamazunchale.com\/landing\/wp-json\/wp\/v2\/media\/37968"}],"wp:attachment":[{"href":"https:\/\/www.radiodigitaltamazunchale.com\/landing\/wp-json\/wp\/v2\/media?parent=37967"}],"wp:term":[{"taxonomy":"category","embeddable":true,"href":"https:\/\/www.radiodigitaltamazunchale.com\/landing\/wp-json\/wp\/v2\/categories?post=37967"},{"taxonomy":"post_tag","embeddable":true,"href":"https:\/\/www.radiodigitaltamazunchale.com\/landing\/wp-json\/wp\/v2\/tags?post=37967"}],"curies":[{"name":"wp","href":"https:\/\/api.w.org\/{rel}","templated":true}]}}