{"id":37992,"date":"2020-09-17T07:46:22","date_gmt":"2020-09-17T13:46:22","guid":{"rendered":"http:\/\/www.radiodigitaltamazunchale.com\/landing\/?p=37992"},"modified":"2020-09-18T07:49:39","modified_gmt":"2020-09-18T13:49:39","slug":"asiste-jm-carreras-a-homenaje-luctuoso-del-lider-sindical-de-la-seccion-26-del-snte","status":"publish","type":"post","link":"https:\/\/www.radiodigitaltamazunchale.com\/landing\/uncategorized\/asiste-jm-carreras-a-homenaje-luctuoso-del-lider-sindical-de-la-seccion-26-del-snte\/","title":{"rendered":"ASISTE JM CARRERAS A HOMENAJE LUCTUOSO DEL L\u00cdDER SINDICAL DE LA SECCI\u00d3N 26 DEL SNTE"},"content":{"rendered":"\n<p>El Gobernador del Estado, Juan Manuel Carreras L\u00f3pez, asisti\u00f3 al homenaje luctuoso del Secretario General de la Secci\u00f3n 26 del Sindicato Nacional de Trabajadores de la Educaci\u00f3n (SNTE), Alejo Rivera \u00c1vila, reconoci\u00f3 al l\u00edder sindical como un profesor incansable que siempre vel\u00f3 por un trato justo para sus compa\u00f1eros y mejores condiciones educativas para las y los estudiantes.<\/p>\n\n\n\n<p>En un evento que se llev\u00f3 a cabo en el auditorio del SNTE Secci\u00f3n 26, bajo todos los protocolos sanitarios establecidos por las autoridades de salud, el jefe del Ejecutivo estatal, en compa\u00f1\u00eda de la Presidenta de la Junta Directiva del Sistema Estatal para el Desarrollo Integral de la Familia (DIF), Lorena Valle Rodr\u00edguez, dio el p\u00e9same a familiares y compa\u00f1eros del l\u00edder del magisterio.<\/p>\n\n\n\n<p>Miguel Ram\u00edrez S\u00e1nchez, representante del Comit\u00e9 Ejecutivo Nacional del SNTE, destac\u00f3 que a nivel nacional, el compromiso del profesor fue siempre reconocido por los resultados de su trabajo y el arrojo con el que defend\u00eda a las y los agremiados.<\/p>\n\n\n\n<p>El Secretario de Educaci\u00f3n, Joel Ram\u00edrez D\u00edaz expres\u00f3 que el dirigente sindical, quien encabez\u00f3 la Secci\u00f3n 26 del SNTE durante cuatro a\u00f1os, lo hizo de manera moderna, con sentido humano, sin renunciar a la lucha tenaz en favor de los derechos de los trabajadores, con responsabilidad y seriedad, practicando un sindicalismo cercano a la base.<\/p>\n\n\n\n<p>\u201cComo Secretario de Educaci\u00f3n, en la administraci\u00f3n que conduce Juan Manuel Carreras L\u00f3pez, se realiz\u00f3 un trabajo colaborativo que permiti\u00f3 abordar en un di\u00e1logo respetuoso los derechos laborales de los trabajadores de la educaci\u00f3n con una clara y comprometida visi\u00f3n en com\u00fan: la equidad, la calidad y la dignificaci\u00f3n de sus representados, activos y jubilados\u201d, a\u00f1adi\u00f3.<\/p>\n\n\n\n<p>En el evento estuvieron presentes Mart\u00edn Rodr\u00edguez Ram\u00edrez, secretario general de la Secci\u00f3n 52 del SNTE; Griselda \u00c1lvarez Oliveros, directora general del Sistema Educativo Estatal Regular, familiares, agremiados y representantes sindicales de diversas secciones del pa\u00eds.<\/p>\n","protected":false},"excerpt":{"rendered":"<p>El Gobernador del Estado, Juan Manuel Carreras L\u00f3pez, asisti\u00f3 al homenaje luctuoso del Secretario General de la Secci\u00f3n 26 del<\/p>\n","protected":false},"author":2,"featured_media":37993,"comment_status":"open","ping_status":"open","sticky":false,"template":"","format":"standard","meta":[],"categories":[1],"tags":[],"_links":{"self":[{"href":"https:\/\/www.radiodigitaltamazunchale.com\/landing\/wp-json\/wp\/v2\/posts\/37992"}],"collection":[{"href":"https:\/\/www.radiodigitaltamazunchale.com\/landing\/wp-json\/wp\/v2\/posts"}],"about":[{"href":"https:\/\/www.radiodigitaltamazunchale.com\/landing\/wp-json\/wp\/v2\/types\/post"}],"author":[{"embeddable":true,"href":"https:\/\/www.radiodigitaltamazunchale.com\/landing\/wp-json\/wp\/v2\/users\/2"}],"replies":[{"embeddable":true,"href":"https:\/\/www.radiodigitaltamazunchale.com\/landing\/wp-json\/wp\/v2\/comments?post=37992"}],"version-history":[{"count":1,"href":"https:\/\/www.radiodigitaltamazunchale.com\/landing\/wp-json\/wp\/v2\/posts\/37992\/revisions"}],"predecessor-version":[{"id":37994,"href":"https:\/\/www.radiodigitaltamazunchale.com\/landing\/wp-json\/wp\/v2\/posts\/37992\/revisions\/37994"}],"wp:featuredmedia":[{"embeddable":true,"href":"https:\/\/www.radiodigitaltamazunchale.com\/landing\/wp-json\/wp\/v2\/media\/37993"}],"wp:attachment":[{"href":"https:\/\/www.radiodigitaltamazunchale.com\/landing\/wp-json\/wp\/v2\/media?parent=37992"}],"wp:term":[{"taxonomy":"category","embeddable":true,"href":"https:\/\/www.radiodigitaltamazunchale.com\/landing\/wp-json\/wp\/v2\/categories?post=37992"},{"taxonomy":"post_tag","embeddable":true,"href":"https:\/\/www.radiodigitaltamazunchale.com\/landing\/wp-json\/wp\/v2\/tags?post=37992"}],"curies":[{"name":"wp","href":"https:\/\/api.w.org\/{rel}","templated":true}]}}