{"id":41505,"date":"2021-03-02T16:15:54","date_gmt":"2021-03-02T22:15:54","guid":{"rendered":"http:\/\/www.radiodigitaltamazunchale.com\/landing\/?p=41505"},"modified":"2021-03-02T16:15:55","modified_gmt":"2021-03-02T22:15:55","slug":"comision-de-comunicaciones-y-transportes-realizo-mesa-de-trabajo-para-analizar-la-propuesta-de-ampliar-la-temporalidad-de-renovacion-de-las-unidades-del-transporte-publico","status":"publish","type":"post","link":"https:\/\/www.radiodigitaltamazunchale.com\/landing\/uncategorized\/comision-de-comunicaciones-y-transportes-realizo-mesa-de-trabajo-para-analizar-la-propuesta-de-ampliar-la-temporalidad-de-renovacion-de-las-unidades-del-transporte-publico\/","title":{"rendered":"COMISI\u00d3N DE COMUNICACIONES Y TRANSPORTES REALIZ\u00d3 MESA DE TRABAJO PARA ANALIZAR LA PROPUESTA DE AMPLIAR LA TEMPORALIDAD DE RENOVACI\u00d3N DE LAS UNIDADES DEL TRANSPORTE P\u00daBLICO."},"content":{"rendered":"\n<p><strong>PERMISIONARIOS SOLICITAN UNA PR\u00d3RROGA POR \u00daNICA OCASI\u00d3N DE 2 A 5 A\u00d1OS PARA RENOVAR LAS UNIDADES: SE VIERON AFECTADOS ECON\u00d3MICAMENTE POR LA PANDEMIA COVID-19.<\/strong><\/p>\n\n\n\n<p><strong>ASOCIACI\u00d3N \u201cCAMBIO POR SAN LUIS\u201d, MANIFESTARON SU OPOSICI\u00d3N A ESTA PROPUESTA, YA QUE CON ELLO SE PONE EN RIESGO LA CALIDAD Y SEGURIDAD DEL SERVICIO DE TRANSPORTE P\u00daBLICO.<\/strong><\/p>\n\n\n\n<p><strong>SE SOLICITAR\u00c1 INFORMACI\u00d3N A LA SCT SOBRE EL N\u00daMERO DE UNIDADES QUE SE TIENEN QUE RENOVAR: DIP. ALEJANDRA VALD\u00c9S MART\u00cdNEZ.<\/strong><\/p>\n\n\n\n<p>Integrantes de la Comisi\u00f3n de Comunicaciones y Transportes del Congreso del Estado realizaron una Mesa de Trabajo con permisionarios y usuarios de transporte p\u00fablico, respecto de la propuesta para ampliar la temporalidad para la renovaci\u00f3n&nbsp; de las unidades de transporte p\u00fablico.<\/p>\n\n\n\n<p>La diputada Alejandra Vald\u00e9s Mart\u00ednez, presidenta de la Comisi\u00f3n de Comunicaciones y Transportes, acompa\u00f1ada de los diputados Mart\u00edn Ju\u00e1rez C\u00f3rdova y Mario L\u00e1rraga Delgado, secretario y vocal de dicha comisi\u00f3n, escucharon las opiniones de Artemio Ram\u00edrez y \u00c1ngel Carlos Olvera, concesionarios de transporte p\u00fablico de la zona huasteca; Jos\u00e9 Juan Rivera, representante legal de la Secretar\u00eda de Comunicaciones y Transportes; as\u00ed como Michel Hern\u00e1ndez, Claudia Maya, Mar\u00eda Elena Mata, Irma Rojas Dom\u00ednguez y Mar\u00eda Magdalena Mac\u00edas de la asociaci\u00f3n civil Cambio por San Luis.<\/p>\n\n\n\n<p>Los concesionarios indicaron que ante la situaci\u00f3n que enfrentan a consecuencia de la pandemia, solicitan se pueda aplicar una pr\u00f3rroga por \u00fanica ocasi\u00f3n y por un lapso de entre 2 a 5 a\u00f1os para poder renovar las unidades de transporte, ya que se han visto afectados por la<\/p>\n\n\n\n<p>situaci\u00f3n econ\u00f3mica, que ha mermado sus finanzas y ha reducido hasta un 50 por ciento su pasaje.<\/p>\n\n\n\n<p>Se\u00f1alaron que para la obtenci\u00f3n de dicha pr\u00f3rroga, se comprometen a que dichas unidades se encuentren en condiciones \u00f3ptimas para la prestaci\u00f3n del servicio, a fin de garantizar la calidad del servicio a los usuarios.<\/p>\n\n\n\n<p>De acuerdo a la Ley de Transporte P\u00fablico, se establece que los permisionarios se encuentran obligados a renovar sus unidades al cumplir 10 a\u00f1os de antig\u00fcedad.<\/p>\n\n\n\n<p>Al respecto, los integrantes de la asociaci\u00f3n \u201cCambio por San Luis\u201d, manifestaron su oposici\u00f3n a esta propuesta, ya que con ello se pone en riesgo la calidad y seguridad del servicio de transporte p\u00fablico, adem\u00e1s de que no se cuenta con un estudio t\u00e9cnico para dicha propuesta y consideraron que los permisionarios cuentan con suficiencia econ\u00f3mica para hacer la renovaci\u00f3n de sus unidades.<\/p>\n\n\n\n<p>A\u00f1adieron que en ese caso, debe considerarse tambi\u00e9n una reducci\u00f3n en el cobro de la tarifa, ya que al considerar los incrementos a la misma se aplica la ley sin distingos y sin considerar la situaci\u00f3n econ\u00f3mica de los usuarios.<\/p>\n\n\n\n<p>El representante jur\u00eddico de la Secretar\u00eda de Comunicaciones y Transporte, Jos\u00e9 Juan Rivera indic\u00f3 que para considerar una pr\u00f3rroga se requiere la realizaci\u00f3n de estudios t\u00e9cnicos sobre esta viabilidad por parte de la Comisi\u00f3n de Comunicaciones y Transportes, ya que se requiere de una modificaci\u00f3n a la ley en la materia.<\/p>\n\n\n\n<p>En este sentido, la legisladora Alejandra Vald\u00e9s, y los diputados Mart\u00edn Ju\u00e1rez y Mario L\u00e1rraga, solicitaron al representante de la Secretar\u00eda de Comunicaciones y Transportes brinde informaci\u00f3n sobre la cantidad de veh\u00edculos que puedan estar en el supuesto de la renovaci\u00f3n de unidades en este a\u00f1o, as\u00ed como cu\u00e1ntos de ellos han cumplido con los est\u00e1ndares de calidad que se atienden en las revistas vehiculares anuales, a fin de que sirvan como elementos de valoraci\u00f3n de estas propuestas.<\/p>\n\n\n\n<p>La diputada Alejandra Vald\u00e9s indic\u00f3 que en breve se solicitar\u00e1 una reuni\u00f3n con el nuevo titular de la Secretar\u00eda de Comunicaciones y Transportes, Urbano Menchaca, para revisar esta propuesta y solicitar la informaci\u00f3n sobre el n\u00famero de unidades a renovar, a fin de contar con elementos para la realizaci\u00f3n del an\u00e1lisis t\u00e9cnico de esta petici\u00f3n.<\/p>\n","protected":false},"excerpt":{"rendered":"<p>PERMISIONARIOS SOLICITAN UNA PR\u00d3RROGA POR \u00daNICA OCASI\u00d3N DE 2 A 5 A\u00d1OS PARA RENOVAR LAS UNIDADES: SE VIERON AFECTADOS ECON\u00d3MICAMENTE<\/p>\n","protected":false},"author":1,"featured_media":41506,"comment_status":"open","ping_status":"open","sticky":false,"template":"","format":"standard","meta":[],"categories":[1],"tags":[],"_links":{"self":[{"href":"https:\/\/www.radiodigitaltamazunchale.com\/landing\/wp-json\/wp\/v2\/posts\/41505"}],"collection":[{"href":"https:\/\/www.radiodigitaltamazunchale.com\/landing\/wp-json\/wp\/v2\/posts"}],"about":[{"href":"https:\/\/www.radiodigitaltamazunchale.com\/landing\/wp-json\/wp\/v2\/types\/post"}],"author":[{"embeddable":true,"href":"https:\/\/www.radiodigitaltamazunchale.com\/landing\/wp-json\/wp\/v2\/users\/1"}],"replies":[{"embeddable":true,"href":"https:\/\/www.radiodigitaltamazunchale.com\/landing\/wp-json\/wp\/v2\/comments?post=41505"}],"version-history":[{"count":1,"href":"https:\/\/www.radiodigitaltamazunchale.com\/landing\/wp-json\/wp\/v2\/posts\/41505\/revisions"}],"predecessor-version":[{"id":41507,"href":"https:\/\/www.radiodigitaltamazunchale.com\/landing\/wp-json\/wp\/v2\/posts\/41505\/revisions\/41507"}],"wp:featuredmedia":[{"embeddable":true,"href":"https:\/\/www.radiodigitaltamazunchale.com\/landing\/wp-json\/wp\/v2\/media\/41506"}],"wp:attachment":[{"href":"https:\/\/www.radiodigitaltamazunchale.com\/landing\/wp-json\/wp\/v2\/media?parent=41505"}],"wp:term":[{"taxonomy":"category","embeddable":true,"href":"https:\/\/www.radiodigitaltamazunchale.com\/landing\/wp-json\/wp\/v2\/categories?post=41505"},{"taxonomy":"post_tag","embeddable":true,"href":"https:\/\/www.radiodigitaltamazunchale.com\/landing\/wp-json\/wp\/v2\/tags?post=41505"}],"curies":[{"name":"wp","href":"https:\/\/api.w.org\/{rel}","templated":true}]}}