{"id":41522,"date":"2021-03-01T12:10:00","date_gmt":"2021-03-01T18:10:00","guid":{"rendered":"http:\/\/www.radiodigitaltamazunchale.com\/landing\/?p=41522"},"modified":"2021-03-03T12:11:51","modified_gmt":"2021-03-03T18:11:51","slug":"fortalecen-capacitacion-para-actividades-y-trabajo-en-equipo-dentro-de-la-administracion-publica-estatal","status":"publish","type":"post","link":"https:\/\/www.radiodigitaltamazunchale.com\/landing\/uncategorized\/fortalecen-capacitacion-para-actividades-y-trabajo-en-equipo-dentro-de-la-administracion-publica-estatal\/","title":{"rendered":"FORTALECEN CAPACITACI\u00d3N PARA ACTIVIDADES Y TRABAJO EN EQUIPO DENTRO DE LA ADMINISTRACI\u00d3N P\u00daBLICA ESTATAL"},"content":{"rendered":"\n<p>Priorizando la capacitaci\u00f3n para fortalecer la atenci\u00f3n a las y los potosinos, los servidores p\u00fablicos de Gobierno del Estado participaron en el curso \u201cTrabajo en Equipo en la Administraci\u00f3n P\u00fablica\u201d que imparti\u00f3 Juan Carlos Ch\u00e1vez Guadarrama, integrante del cuerpo de capacitadores de la Direcci\u00f3n de Desarrollo Humano de la Oficial\u00eda Mayor.<\/p>\n\n\n\n<p>El especialista detall\u00f3 que el objetivo del curso fue desarrollar las competencias que contribuyen a la realizaci\u00f3n de tareas organizacionales de forma participativa y adecuadas a los nuevos desaf\u00edos en la gesti\u00f3n p\u00fablica.<\/p>\n\n\n\n<p>Se abordaron los temas: los grupos en la vida del hombre, resistencia al cambio, tipos de grupos, el grupo y el equipo, el estudio cient\u00edfico de los grupos, la din\u00e1mica grupal, liderazgo y empat\u00eda, estructuras y procesos de los grupos, el grupo como lugar \u00f3ptimo de crecimiento personal, los equipos de trabajo, las 5\u00b4 C d los equipos de trabajo, aspectos cr\u00edticos en el proceso grupal, evaluaci\u00f3n de los equipos de trabajo y team building (trabajo en equipo).<\/p>\n\n\n\n<p>La capacitaci\u00f3n de las y los servidores p\u00fablicos involucra desarrollas sus habilidades y conocimientos, y as\u00ed sea capaz de sobrellevar y ejecutar su propio trabajo de forma efectiva.<\/p>\n\n\n\n<p>Cabe se\u00f1alar que durante la presente administraci\u00f3n estatal, la Oficial\u00eda Mayor ha impulsado como una prioridad el mejorar el desempe\u00f1o laboral, por ello aplica distintas metodolog\u00edas con el prop\u00f3sito de que sus trabajadores aprendan habilidades b\u00e1sicas que son necesarias para el trabajo que se debe realizar y lograr el perfeccionamiento en cualquiera de las \u00e1reas de la administraci\u00f3n p\u00fablica.<\/p>\n","protected":false},"excerpt":{"rendered":"<p>Priorizando la capacitaci\u00f3n para fortalecer la atenci\u00f3n a las y los potosinos, los servidores p\u00fablicos de Gobierno del Estado participaron<\/p>\n","protected":false},"author":1,"featured_media":41523,"comment_status":"open","ping_status":"open","sticky":false,"template":"","format":"standard","meta":[],"categories":[1],"tags":[],"_links":{"self":[{"href":"https:\/\/www.radiodigitaltamazunchale.com\/landing\/wp-json\/wp\/v2\/posts\/41522"}],"collection":[{"href":"https:\/\/www.radiodigitaltamazunchale.com\/landing\/wp-json\/wp\/v2\/posts"}],"about":[{"href":"https:\/\/www.radiodigitaltamazunchale.com\/landing\/wp-json\/wp\/v2\/types\/post"}],"author":[{"embeddable":true,"href":"https:\/\/www.radiodigitaltamazunchale.com\/landing\/wp-json\/wp\/v2\/users\/1"}],"replies":[{"embeddable":true,"href":"https:\/\/www.radiodigitaltamazunchale.com\/landing\/wp-json\/wp\/v2\/comments?post=41522"}],"version-history":[{"count":1,"href":"https:\/\/www.radiodigitaltamazunchale.com\/landing\/wp-json\/wp\/v2\/posts\/41522\/revisions"}],"predecessor-version":[{"id":41524,"href":"https:\/\/www.radiodigitaltamazunchale.com\/landing\/wp-json\/wp\/v2\/posts\/41522\/revisions\/41524"}],"wp:featuredmedia":[{"embeddable":true,"href":"https:\/\/www.radiodigitaltamazunchale.com\/landing\/wp-json\/wp\/v2\/media\/41523"}],"wp:attachment":[{"href":"https:\/\/www.radiodigitaltamazunchale.com\/landing\/wp-json\/wp\/v2\/media?parent=41522"}],"wp:term":[{"taxonomy":"category","embeddable":true,"href":"https:\/\/www.radiodigitaltamazunchale.com\/landing\/wp-json\/wp\/v2\/categories?post=41522"},{"taxonomy":"post_tag","embeddable":true,"href":"https:\/\/www.radiodigitaltamazunchale.com\/landing\/wp-json\/wp\/v2\/tags?post=41522"}],"curies":[{"name":"wp","href":"https:\/\/api.w.org\/{rel}","templated":true}]}}