{"id":41526,"date":"2021-03-01T12:26:00","date_gmt":"2021-03-01T18:26:00","guid":{"rendered":"http:\/\/www.radiodigitaltamazunchale.com\/landing\/?p=41526"},"modified":"2021-03-03T12:26:42","modified_gmt":"2021-03-03T18:26:42","slug":"imes-da-a-conocer-galardonadas-como-potosina-del-ano-edicion-2021","status":"publish","type":"post","link":"https:\/\/www.radiodigitaltamazunchale.com\/landing\/uncategorized\/imes-da-a-conocer-galardonadas-como-potosina-del-ano-edicion-2021\/","title":{"rendered":"IMES DA A CONOCER GALARDONADAS COMO \u201cPOTOSINA DEL A\u00d1O, EDICI\u00d3N 2021\u201d"},"content":{"rendered":"\n<p>En el marco del \u201cD\u00eda Internacional de la Mujer\u00bb, el Gobierno del Estado de San Luis Potos\u00ed, a trav\u00e9s del Instituto de las Mujeres (IMES), reconocer\u00e1 este lunes 8 de marzo a las cuatro Potosinas del A\u00f1o, Edici\u00f3n 2021, evento que encabezar\u00e1 el jefe del Ejecutivo, Juan Manuel Carreras L\u00f3pez, inform\u00f3 la titular de la dependencia, Erika Vel\u00e1zquez Guti\u00e9rrez.<\/p>\n\n\n\n<p>La funcionaria estatal dijo que las seleccionadas de las cuatro zonas del estado son Evelyn Lizbeth Escalante Castilleja, de la regi\u00f3n Altiplano; Ana Mar\u00eda Guadalupe L\u00f3pez Hern\u00e1ndez, representante de la Zona Centro; Mar\u00eda del Rosario Mart\u00ednez Gonz\u00e1lez, habitante de la Zona Media y Teresa Hern\u00e1ndez Gonz\u00e1lez, de la Huasteca.<\/p>\n\n\n\n<p>Vel\u00e1zquez Guti\u00e9rrez indic\u00f3 que la entrega de reconocimientos se efectur\u00e1 de manera presencial, atendiendo todos los protocolos de sanidad por la pandemia del Covid-19 establecidos por las autoridades de la Secretar\u00eda de Salud del Gobierno del Estatal y Federal.<\/p>\n\n\n\n<p>Evelyn Lizbeth Escalante Castilleja, ser\u00e1 reconocida con el premio en el \u00e1mbito de Desarrollo Social, docente de profesi\u00f3n, destaca por su altruismo, que tiene por objetivo lograr la inclusi\u00f3n de las personas ciegas y con baja visi\u00f3n en \u00e1mbitos acad\u00e9micos, sociales, culturales y deportivos, y as\u00ed obtengan el reconocimiento de sus derechos y formaci\u00f3n integral.<\/p>\n\n\n\n<p>Su labor altruista inicia con su servicio social en el Instituto para Ciegos y D\u00e9biles Visuales (IPACIDEVI) \u201cEzequiel Hern\u00e1ndez Romo\u201d, impartiendo clases y creando material did\u00e1ctico a bajo costo. Desde hace 6 a\u00f1os brinda regularizaci\u00f3n y asesor\u00eda a personas invidentes logrando el ingreso de 8 personas a varias Universidades.<\/p>\n\n\n\n<p>Ana Mar\u00eda Guadalupe L\u00f3pez Hern\u00e1ndez, recibir\u00e1 el reconocimiento en el \u00e1mbito Acad\u00e9mico, es la primera ingeniera Geoqu\u00edmica titulada de la Facultad de Ingenier\u00eda de la Universidad Aut\u00f3noma de San Luis Potos\u00ed (UASLP). Durante 71 semestres ininterrumpidos, se ha desempe\u00f1ado como profesora en la Facultad de Ingenier\u00eda, por lo que ha compartido su conocimiento con innumerables generaciones. Realiza investigaci\u00f3n y participa activamente en la generaci\u00f3n de conocimiento cient\u00edfico y tecnol\u00f3gico. Divulgadora de Ciencia con el grupo <em>Tecnoacu\u00e1ticos<\/em> que busca crear en ni\u00f1ez y juventudes el cuidado del agua como recurso natural.<\/p>\n\n\n\n<p>Mar\u00eda del Rosario Mart\u00ednez Gonz\u00e1lez obtendr\u00e1 el galard\u00f3n en el \u00e1mbito de Beneficiencia y Asistencia Social. Es originaria del municipio de C\u00e1rdenas, San Luis Potos\u00ed. Maestra de profesi\u00f3n y vocaci\u00f3n con m\u00e1s de 30 a\u00f1os de servicio para el sistema federal de educaci\u00f3n; al llegar su jubilaci\u00f3n ni\u00f1as y ni\u00f1os de su comunidad continuaron busc\u00e1ndola para clases de regularizaci\u00f3n, las cuales a sus 77 a\u00f1os de edad contin\u00faa impartiendo.<\/p>\n\n\n\n<p>La maestra Chayito, como es conocida cari\u00f1osamente en C\u00e1rdenas, ha acompa\u00f1ado a innumerables generaciones de ni\u00f1as y ni\u00f1os, ense\u00f1ando no \u00fanicamente contenidos escolares sino tambi\u00e9n valores como la honradez, la bondad, la ayuda a quien lo necesita, organizando campa\u00f1as para recolectar ropa y alimentos a familias que viven con carencias.&nbsp;<\/p>\n\n\n\n<p>Teresa Hern\u00e1ndez Gonz\u00e1lez, de la Huasteca recibir\u00e1 el reconocimiento en el \u00e1mbito de Desarrollo Social y Ac\u00e1demico. Naci\u00f3 en la comunidad de Mahuajco, en Coxcatl\u00e1n. Proveniente de una familia numerosa y de bajos recursos, decidi\u00f3 perseguir su sue\u00f1o de alfabetizarse; dej\u00f3 su casa y a su familia a los 9 a\u00f1os de edad para trasladarse a un albergue ubicado en Huehuetl\u00e1n, donde logr\u00f3 terminar la primaria y aprender te\u00e9nek.<\/p>\n\n\n\n<p>Curs\u00f3 la secundaria en una escuela nocturna y no fue sino hasta 20 a\u00f1os despu\u00e9s que curs\u00f3 el bachillerato y obtuvo el Certificado en la Capacitaci\u00f3n Especializada para el Sector Rural y como T\u00e9cnica en Asistente Educativo en Lengua N\u00e1huatl. Este conocimiento le permite comunicarse con poblaci\u00f3n monoling\u00fce de la zona Huasteca.<\/p>\n\n\n\n<p>Desde el inicio de la pandemia ha participado activamente en la coordinaci\u00f3n, traducci\u00f3n, edici\u00f3n y grabaci\u00f3n de guiones en n\u00e1huatl y te\u00e9nek con di\u00e1logos y contenidos del Modelo Educativo Intercultural Biling\u00fce, as\u00ed como la conducci\u00f3n de la estrategia radiof\u00f3nica Aprende en Casa.<\/p>\n","protected":false},"excerpt":{"rendered":"<p>En el marco del \u201cD\u00eda Internacional de la Mujer\u00bb, el Gobierno del Estado de San Luis Potos\u00ed, a trav\u00e9s del<\/p>\n","protected":false},"author":1,"featured_media":41528,"comment_status":"open","ping_status":"open","sticky":false,"template":"","format":"standard","meta":[],"categories":[1],"tags":[],"_links":{"self":[{"href":"https:\/\/www.radiodigitaltamazunchale.com\/landing\/wp-json\/wp\/v2\/posts\/41526"}],"collection":[{"href":"https:\/\/www.radiodigitaltamazunchale.com\/landing\/wp-json\/wp\/v2\/posts"}],"about":[{"href":"https:\/\/www.radiodigitaltamazunchale.com\/landing\/wp-json\/wp\/v2\/types\/post"}],"author":[{"embeddable":true,"href":"https:\/\/www.radiodigitaltamazunchale.com\/landing\/wp-json\/wp\/v2\/users\/1"}],"replies":[{"embeddable":true,"href":"https:\/\/www.radiodigitaltamazunchale.com\/landing\/wp-json\/wp\/v2\/comments?post=41526"}],"version-history":[{"count":1,"href":"https:\/\/www.radiodigitaltamazunchale.com\/landing\/wp-json\/wp\/v2\/posts\/41526\/revisions"}],"predecessor-version":[{"id":41529,"href":"https:\/\/www.radiodigitaltamazunchale.com\/landing\/wp-json\/wp\/v2\/posts\/41526\/revisions\/41529"}],"wp:featuredmedia":[{"embeddable":true,"href":"https:\/\/www.radiodigitaltamazunchale.com\/landing\/wp-json\/wp\/v2\/media\/41528"}],"wp:attachment":[{"href":"https:\/\/www.radiodigitaltamazunchale.com\/landing\/wp-json\/wp\/v2\/media?parent=41526"}],"wp:term":[{"taxonomy":"category","embeddable":true,"href":"https:\/\/www.radiodigitaltamazunchale.com\/landing\/wp-json\/wp\/v2\/categories?post=41526"},{"taxonomy":"post_tag","embeddable":true,"href":"https:\/\/www.radiodigitaltamazunchale.com\/landing\/wp-json\/wp\/v2\/tags?post=41526"}],"curies":[{"name":"wp","href":"https:\/\/api.w.org\/{rel}","templated":true}]}}