{"id":41534,"date":"2021-03-02T12:38:00","date_gmt":"2021-03-02T18:38:00","guid":{"rendered":"http:\/\/www.radiodigitaltamazunchale.com\/landing\/?p=41534"},"modified":"2021-03-03T12:40:53","modified_gmt":"2021-03-03T18:40:53","slug":"arranca-primer-feria-virtual-de-empleo-2021","status":"publish","type":"post","link":"https:\/\/www.radiodigitaltamazunchale.com\/landing\/uncategorized\/arranca-primer-feria-virtual-de-empleo-2021\/","title":{"rendered":"ARRANCA PRIMER FERIA VIRTUAL DE EMPLEO 2021"},"content":{"rendered":"\n<p>Este martes 2 de marzo, inici\u00f3 la primera Feria Virtual de Empleo 2021, esfuerzo de vinculaci\u00f3n que se realiza en coordinaci\u00f3n con el Instituto de las Mujeres (IMES), el Centro de Justicia para las Mujeres (CJM) y las asociaciones civiles \u201cBe People\u201d y \u201cSkill Force\u201d, en d\u00f3nde se ofertar\u00e1n m\u00e1s de 2 mil 500 vacantes con la participaci\u00f3n de al menos 60 empresas.<\/p>\n\n\n\n<p>Manuel Lozano Nieto, titular de la Secretar\u00eda del Trabajo y Previsi\u00f3n Social del Gobierno del Estado (STPS), inform\u00f3 que esta primera feria virtual tiene especial significado por llevarse a cabo en el marco del D\u00eda Internacional de la Mujer, por lo que se denomin\u00f3 \u201cOportunidades para todas y todos, m\u00e1s espacios para las mujeres trabajadoras\u201d que busca reconocer la importancia de las mujeres en el sector productivo.<\/p>\n\n\n\n<p>Lozano Nieto agreg\u00f3 que durante el evento de vinculaci\u00f3n programado del 2 al 4 de marzo, se llevar\u00e1n a cabo webinars enfocados tanto a las empresas participantes como a los propios buscadores de empleo, con t\u00f3picos como \u201cLa inclusi\u00f3n laboral, clave del \u00e9xito empresarial\u201d impartido por Gabriela Soule Egea, especialista en Programas de Inclusi\u00f3n Laboral y el \u201cTaller para Buscadores de Empleo\u201d que fue impartido por Roc\u00edo Ram\u00edrez Galv\u00e1n, responsable de Talleres para Buscadores de Empleo, del Sistema Nacional de Empleo (SNE), en este d\u00eda de inicio de actividades.<\/p>\n\n\n\n<p>Asimismo, el mi\u00e9rcoles 3 de marzo se contar\u00e1 con la participaci\u00f3n de Luz Adriana Gonz\u00e1lez, Instructora del IMES qui\u00e9n impartir\u00e1 la conferencia \u201cLa Mujer, su lucha y su valor\u201d, el Director General de empleabilidad y Productividad Laboral de la STPS, H\u00e9ctor Xavier Andrade Ovalle con el tema \u201cEl movimiento es vida\u201d&nbsp; y para finalizar la jornada de webinars, el jueves 4 de marzo Ana Luisa Zepeda, Directora de Q23 Talento Humano presentar\u00e1 \u201cEstr\u00e9s y Factores de Riesgo Psicosocial en las Empresas\u201d as\u00ed como, Ricardo Landero Aramburu director Jur\u00eddico de Landero Asociados que participar\u00e1 con el tema \u201cC\u00f3mo aplicar el teletrabajo en tu empresa y cumplir con La Reforma Laboral\u201d.<\/p>\n\n\n\n<p>Finalmente, el funcionario estatal estableci\u00f3 que, si bien el p\u00fablico objetivo primario son las mujeres, el evento estar\u00e1 abierto a la poblaci\u00f3n en general y los a\u00fan interesados puede realizar su inscripci\u00f3n a trav\u00e9s de la plataforma bit.ly\/feriamarzo2021 y para mayor informaci\u00f3n de los webinars, se estar\u00e1n publicando a trav\u00e9s de las redes sociales Facebook y Twitter: @stpsslp.<\/p>\n","protected":false},"excerpt":{"rendered":"<p>Este martes 2 de marzo, inici\u00f3 la primera Feria Virtual de Empleo 2021, esfuerzo de vinculaci\u00f3n que se realiza en<\/p>\n","protected":false},"author":1,"featured_media":41535,"comment_status":"open","ping_status":"open","sticky":false,"template":"","format":"standard","meta":[],"categories":[1],"tags":[],"_links":{"self":[{"href":"https:\/\/www.radiodigitaltamazunchale.com\/landing\/wp-json\/wp\/v2\/posts\/41534"}],"collection":[{"href":"https:\/\/www.radiodigitaltamazunchale.com\/landing\/wp-json\/wp\/v2\/posts"}],"about":[{"href":"https:\/\/www.radiodigitaltamazunchale.com\/landing\/wp-json\/wp\/v2\/types\/post"}],"author":[{"embeddable":true,"href":"https:\/\/www.radiodigitaltamazunchale.com\/landing\/wp-json\/wp\/v2\/users\/1"}],"replies":[{"embeddable":true,"href":"https:\/\/www.radiodigitaltamazunchale.com\/landing\/wp-json\/wp\/v2\/comments?post=41534"}],"version-history":[{"count":1,"href":"https:\/\/www.radiodigitaltamazunchale.com\/landing\/wp-json\/wp\/v2\/posts\/41534\/revisions"}],"predecessor-version":[{"id":41536,"href":"https:\/\/www.radiodigitaltamazunchale.com\/landing\/wp-json\/wp\/v2\/posts\/41534\/revisions\/41536"}],"wp:featuredmedia":[{"embeddable":true,"href":"https:\/\/www.radiodigitaltamazunchale.com\/landing\/wp-json\/wp\/v2\/media\/41535"}],"wp:attachment":[{"href":"https:\/\/www.radiodigitaltamazunchale.com\/landing\/wp-json\/wp\/v2\/media?parent=41534"}],"wp:term":[{"taxonomy":"category","embeddable":true,"href":"https:\/\/www.radiodigitaltamazunchale.com\/landing\/wp-json\/wp\/v2\/categories?post=41534"},{"taxonomy":"post_tag","embeddable":true,"href":"https:\/\/www.radiodigitaltamazunchale.com\/landing\/wp-json\/wp\/v2\/tags?post=41534"}],"curies":[{"name":"wp","href":"https:\/\/api.w.org\/{rel}","templated":true}]}}