{"id":41564,"date":"2021-03-03T09:31:00","date_gmt":"2021-03-03T15:31:00","guid":{"rendered":"http:\/\/www.radiodigitaltamazunchale.com\/landing\/?p=41564"},"modified":"2021-03-04T09:32:38","modified_gmt":"2021-03-04T15:32:38","slug":"fge-debe-investigar-a-fondo-para-resolver-los-hechos-de-violencia-que-se-han-registrado-en-la-entidad","status":"publish","type":"post","link":"https:\/\/www.radiodigitaltamazunchale.com\/landing\/uncategorized\/fge-debe-investigar-a-fondo-para-resolver-los-hechos-de-violencia-que-se-han-registrado-en-la-entidad\/","title":{"rendered":"FGE DEBE INVESTIGAR A FONDO PARA RESOLVER LOS HECHOS DE VIOLENCIA QUE SE HAN REGISTRADO EN LA ENTIDAD."},"content":{"rendered":"\n<p><strong>NO SE DEBE CAER EN EL TERRENO DE LAS ESPECULACIONES SOBRE LOS HECHOS DE VIOLENCIA QUE SE HAN REGISTRADO EN LA ENTIDAD: DIP. MART\u00cdN JU\u00c1REZ C\u00d3RDOVA.<\/strong><\/p>\n\n\n\n<p>Entrar en el terreno de la especulaci\u00f3n sobre los asuntos violentos que se han registrado en la entidad, no contribuye a la estabilidad que requiere San Luis Potos\u00ed para poder enfrentar los retos que existen en materia econ\u00f3mica, se\u00f1al\u00f3 el presidente de la Comisi\u00f3n de Desarrollo Econ\u00f3mico y Social de la LXII Legislatura, diputado Mart\u00edn Ju\u00e1rez C\u00f3rdova.<\/p>\n\n\n\n<p>Se\u00f1al\u00f3 que la Fiscal\u00eda General del Estado (FGE), debe informar de manera oportuna a la ciudadan\u00eda sobre el avance en las investigaciones que realiza sobre los hechos delictivos, para&nbsp; evitar la incertidumbre y especulaci\u00f3n.<\/p>\n\n\n\n<p>Mart\u00edn Ju\u00e1rez se\u00f1al\u00f3 que \u201cactualmente se vive una situaci\u00f3n compleja en materia econ\u00f3mica como consecuencia de las restricciones derivadas de la pandemia y por la necesidad de seguir atrayendo m\u00e1s inversiones que permitan a San Luis Potos\u00ed recobrar los empleos perdidos\u201d.<\/p>\n\n\n\n<p>\u201cLas condiciones que se est\u00e1n presentando demandan que los tres niveles de gobierno coordinen esfuerzos para fortalecer la econom\u00eda y, generar las condiciones para consolidar nuevas inversiones privadas nacionales y extranjeras\u201d.<\/p>\n\n\n\n<p>\u201cEs necesario cerrar filas, tanto las autoridades como los sectores productivos para hacerle frente a los retos que existen en materia econ\u00f3mica, y as\u00ed lograr alcanzar una reactivaci\u00f3n que permita la generaci\u00f3n de nuevas inversiones y empleos\u201d, finaliz\u00f3.<\/p>\n","protected":false},"excerpt":{"rendered":"<p>NO SE DEBE CAER EN EL TERRENO DE LAS ESPECULACIONES SOBRE LOS HECHOS DE VIOLENCIA QUE SE HAN REGISTRADO EN<\/p>\n","protected":false},"author":1,"featured_media":41565,"comment_status":"open","ping_status":"open","sticky":false,"template":"","format":"standard","meta":[],"categories":[1],"tags":[],"_links":{"self":[{"href":"https:\/\/www.radiodigitaltamazunchale.com\/landing\/wp-json\/wp\/v2\/posts\/41564"}],"collection":[{"href":"https:\/\/www.radiodigitaltamazunchale.com\/landing\/wp-json\/wp\/v2\/posts"}],"about":[{"href":"https:\/\/www.radiodigitaltamazunchale.com\/landing\/wp-json\/wp\/v2\/types\/post"}],"author":[{"embeddable":true,"href":"https:\/\/www.radiodigitaltamazunchale.com\/landing\/wp-json\/wp\/v2\/users\/1"}],"replies":[{"embeddable":true,"href":"https:\/\/www.radiodigitaltamazunchale.com\/landing\/wp-json\/wp\/v2\/comments?post=41564"}],"version-history":[{"count":1,"href":"https:\/\/www.radiodigitaltamazunchale.com\/landing\/wp-json\/wp\/v2\/posts\/41564\/revisions"}],"predecessor-version":[{"id":41566,"href":"https:\/\/www.radiodigitaltamazunchale.com\/landing\/wp-json\/wp\/v2\/posts\/41564\/revisions\/41566"}],"wp:featuredmedia":[{"embeddable":true,"href":"https:\/\/www.radiodigitaltamazunchale.com\/landing\/wp-json\/wp\/v2\/media\/41565"}],"wp:attachment":[{"href":"https:\/\/www.radiodigitaltamazunchale.com\/landing\/wp-json\/wp\/v2\/media?parent=41564"}],"wp:term":[{"taxonomy":"category","embeddable":true,"href":"https:\/\/www.radiodigitaltamazunchale.com\/landing\/wp-json\/wp\/v2\/categories?post=41564"},{"taxonomy":"post_tag","embeddable":true,"href":"https:\/\/www.radiodigitaltamazunchale.com\/landing\/wp-json\/wp\/v2\/tags?post=41564"}],"curies":[{"name":"wp","href":"https:\/\/api.w.org\/{rel}","templated":true}]}}