{"id":41575,"date":"2021-03-04T14:46:47","date_gmt":"2021-03-04T20:46:47","guid":{"rendered":"http:\/\/www.radiodigitaltamazunchale.com\/landing\/?p=41575"},"modified":"2021-03-04T14:46:47","modified_gmt":"2021-03-04T20:46:47","slug":"de-la-mano-de-la-sociedad-civil-se-analizara-la-propuesta-de-expedir-la-ley-para-la-inclusion-social-de-personas-con-discapacidad-dip-marite-hernandez-correa","status":"publish","type":"post","link":"https:\/\/www.radiodigitaltamazunchale.com\/landing\/uncategorized\/de-la-mano-de-la-sociedad-civil-se-analizara-la-propuesta-de-expedir-la-ley-para-la-inclusion-social-de-personas-con-discapacidad-dip-marite-hernandez-correa\/","title":{"rendered":"DE LA MANO DE LA SOCIEDAD CIVIL, SE ANALIZAR\u00c1 LA PROPUESTA DE EXPEDIR LA LEY PARA LA INCLUSI\u00d3N SOCIAL DE PERSONAS CON DISCAPACIDAD: DIP. MARITE HERN\u00c1NDEZ CORREA."},"content":{"rendered":"\n<p><strong>ES UNA INICIATIVA CIUDADANA Y TENDREMOS LA SENSIBILIDAD DE ESCUCHAR A LOS PROPONENTES QUE IMPULSAN LA CREACI\u00d3N DEL INSTITUTO PARA LA ATENCI\u00d3N DE LAS PERSONAS CON DISCAPACIDAD.<\/strong><\/p>\n\n\n\n<p>La diputada Marite Hern\u00e1ndez Correa, presidenta de la Comisi\u00f3n de Derechos Humanos, Igualdad y G\u00e9nero del Congreso del Estado, &nbsp;indic\u00f3 que se analizar\u00e1 la iniciativa que presentaron integrantes de diversas asociaciones de personas con discapacidad, que buscan expedir la Ley para la Inclusi\u00f3n Social de Personas con Discapacidad.<\/p>\n\n\n\n<p>Precis\u00f3 que, en cuanto sea turnada a la comisi\u00f3n que preside, se llevar\u00e1 a cabo el an\u00e1lisis de la propuesta, que seg\u00fan se ha informado, busca establecer una mayor concordancia con lo establecido en la Convenci\u00f3n de los Derechos de las Personas con Discapacidad.<\/p>\n\n\n\n<p>\u201cEs una iniciativa ciudadana y tendremos la sensibilidad de escuchar a los proponentes, como lo hemos venido haciendo y la idea ser\u00eda agendar una reuni\u00f3n con los integrantes de la Comisi\u00f3n de Derechos Humanos para escuchar cuales son los objetivos de esa iniciativa que ellos como ciudadanos est\u00e1n planteando\u201d.<\/p>\n\n\n\n<p>Consider\u00f3 que es una iniciativa positiva, ya que trata de coadyuvar y dar cumplimiento a la Convenci\u00f3n de Derechos de las Personas con Discapacidad; adem\u00e1s, las asociaciones proponen la creaci\u00f3n de un Instituto para la Atenci\u00f3n de las Personas con Discapacidad, situaci\u00f3n que deber\u00e1 ser analizada para establecer la posibilidad presupuestal.<\/p>\n\n\n\n<p>\u201cEllos est\u00e1n planteando un Instituto para la Atenci\u00f3n de Personas con Discapacidad y primero de origen ser\u00eda analizar bien la propuesta, qu\u00e9 viabilidad tiene y que tenga un presupuesto disponible, habr\u00eda que analizarlo y estudiarlo bien como comisi\u00f3n al interior y luego saber cu\u00e1les son las atribuciones que este instituto pretende tener y que tenga el presupuesto adecuado para que las acciones se lleven a cabo\u201d.<\/p>\n","protected":false},"excerpt":{"rendered":"<p>ES UNA INICIATIVA CIUDADANA Y TENDREMOS LA SENSIBILIDAD DE ESCUCHAR A LOS PROPONENTES QUE IMPULSAN LA CREACI\u00d3N DEL INSTITUTO PARA<\/p>\n","protected":false},"author":1,"featured_media":41576,"comment_status":"open","ping_status":"open","sticky":false,"template":"","format":"standard","meta":[],"categories":[1],"tags":[],"_links":{"self":[{"href":"https:\/\/www.radiodigitaltamazunchale.com\/landing\/wp-json\/wp\/v2\/posts\/41575"}],"collection":[{"href":"https:\/\/www.radiodigitaltamazunchale.com\/landing\/wp-json\/wp\/v2\/posts"}],"about":[{"href":"https:\/\/www.radiodigitaltamazunchale.com\/landing\/wp-json\/wp\/v2\/types\/post"}],"author":[{"embeddable":true,"href":"https:\/\/www.radiodigitaltamazunchale.com\/landing\/wp-json\/wp\/v2\/users\/1"}],"replies":[{"embeddable":true,"href":"https:\/\/www.radiodigitaltamazunchale.com\/landing\/wp-json\/wp\/v2\/comments?post=41575"}],"version-history":[{"count":1,"href":"https:\/\/www.radiodigitaltamazunchale.com\/landing\/wp-json\/wp\/v2\/posts\/41575\/revisions"}],"predecessor-version":[{"id":41577,"href":"https:\/\/www.radiodigitaltamazunchale.com\/landing\/wp-json\/wp\/v2\/posts\/41575\/revisions\/41577"}],"wp:featuredmedia":[{"embeddable":true,"href":"https:\/\/www.radiodigitaltamazunchale.com\/landing\/wp-json\/wp\/v2\/media\/41576"}],"wp:attachment":[{"href":"https:\/\/www.radiodigitaltamazunchale.com\/landing\/wp-json\/wp\/v2\/media?parent=41575"}],"wp:term":[{"taxonomy":"category","embeddable":true,"href":"https:\/\/www.radiodigitaltamazunchale.com\/landing\/wp-json\/wp\/v2\/categories?post=41575"},{"taxonomy":"post_tag","embeddable":true,"href":"https:\/\/www.radiodigitaltamazunchale.com\/landing\/wp-json\/wp\/v2\/tags?post=41575"}],"curies":[{"name":"wp","href":"https:\/\/api.w.org\/{rel}","templated":true}]}}