{"id":41579,"date":"2021-03-04T14:56:11","date_gmt":"2021-03-04T20:56:11","guid":{"rendered":"http:\/\/www.radiodigitaltamazunchale.com\/landing\/?p=41579"},"modified":"2021-03-04T14:56:12","modified_gmt":"2021-03-04T20:56:12","slug":"pleno-del-congreso-del-estado-elegira-al-presidente-o-pre4sidenta-del-tribunal-estatal-de-conciliacion-y-arbitraje","status":"publish","type":"post","link":"https:\/\/www.radiodigitaltamazunchale.com\/landing\/uncategorized\/pleno-del-congreso-del-estado-elegira-al-presidente-o-pre4sidenta-del-tribunal-estatal-de-conciliacion-y-arbitraje\/","title":{"rendered":"PLENO DEL CONGRESO DEL ESTADO ELEGIR\u00c1 AL PRESIDENTE O PRE4SIDENTA DEL TRIBUNAL ESTATAL DE CONCILIACI\u00d3N Y ARBITRAJE"},"content":{"rendered":"\n<p><strong>SE ELEGIR\u00c1 AL MEJOR PERFIL Y QUE TENGA LA EXPERIENCIA PARA DESEMPE\u00d1AR EL CARGO: DIP. MARTHA BARAJAS GARC\u00cdA.<\/strong><\/p>\n\n\n\n<p>La diputada Martha Barajas Garc\u00eda, presidenta de la Comisi\u00f3n del Trabajo y Previsi\u00f3n Social del Congreso del Estado, inform\u00f3 que, en el Pleno se votar\u00e1 el dictamen de las comisiones de Justicia y Gobernaci\u00f3n, respecto a la designaci\u00f3n de la persona que ocupe la presidencia del Tribunal Estatal de Conciliaci\u00f3n y Arbitraje.<\/p>\n\n\n\n<p>La Legisladora manifest\u00f3 que, existe un reconocimiento al trabajo realizado por la presidenta saliente, Licenciada Rosa Guadalupe Cervantes Gamboa, el cual ha sido sobresaliente; as\u00ed mismo, destac\u00f3 que en la Comisi\u00f3n de Trabajo y Previsi\u00f3n Social del Congreso del Estado se ha trabajado de la mano con el Tribunal Estatal de Conciliaci\u00f3n y Arbitraje, en temas como cambios legales que permitir\u00e1n una mejorar impartici\u00f3n de justicia laboral.<\/p>\n\n\n\n<p>Respecto al dictamen que se someter\u00e1 al Pleno, la diputada Martha Barajas Garc\u00eda se\u00f1al\u00f3 que, los cinco perfiles que est\u00e1n participando cuentan con la experiencia necesaria para desempe\u00f1ar las funciones que la Ley le confiere a la Presidencia del Tribunal.<\/p>\n\n\n\n<p>\u201cEs importante mencionar que la colaboraci\u00f3n institucional ha permitido desahogar muchos temas que se hab\u00edan rezagado, por lo que la elecci\u00f3n de la persona que ocupe la Presidencia del Tribunal Estatal de Conciliaci\u00f3n y Arbitraje no es un asunto menor, por lo que debemos de llegar a un acuerdo y elegir al perfil m\u00e1s id\u00f3neo\u201d.<\/p>\n\n\n\n<p>Precis\u00f3 que, \u201cestamos conscientes de la importancia del Tribunal encargado de dirimir las controversias laborales que se suscitan entre las instituciones p\u00fablicas y sus trabajadores\u201d.<\/p>\n\n\n\n<p>Por \u00faltimo, Barajas Garc\u00eda, inform\u00f3 que en una vez que se realice la elecci\u00f3n, la Comisi\u00f3n de Trabajo y Previsi\u00f3n Social buscar\u00e1 un acercamiento, para continuar con el trabajo permanente de revisi\u00f3n del marco jur\u00eddico en beneficio de las y los trabajadores.<\/p>\n","protected":false},"excerpt":{"rendered":"<p>SE ELEGIR\u00c1 AL MEJOR PERFIL Y QUE TENGA LA EXPERIENCIA PARA DESEMPE\u00d1AR EL CARGO: DIP. MARTHA BARAJAS GARC\u00cdA. La diputada<\/p>\n","protected":false},"author":1,"featured_media":41580,"comment_status":"open","ping_status":"open","sticky":false,"template":"","format":"standard","meta":[],"categories":[1],"tags":[],"_links":{"self":[{"href":"https:\/\/www.radiodigitaltamazunchale.com\/landing\/wp-json\/wp\/v2\/posts\/41579"}],"collection":[{"href":"https:\/\/www.radiodigitaltamazunchale.com\/landing\/wp-json\/wp\/v2\/posts"}],"about":[{"href":"https:\/\/www.radiodigitaltamazunchale.com\/landing\/wp-json\/wp\/v2\/types\/post"}],"author":[{"embeddable":true,"href":"https:\/\/www.radiodigitaltamazunchale.com\/landing\/wp-json\/wp\/v2\/users\/1"}],"replies":[{"embeddable":true,"href":"https:\/\/www.radiodigitaltamazunchale.com\/landing\/wp-json\/wp\/v2\/comments?post=41579"}],"version-history":[{"count":1,"href":"https:\/\/www.radiodigitaltamazunchale.com\/landing\/wp-json\/wp\/v2\/posts\/41579\/revisions"}],"predecessor-version":[{"id":41581,"href":"https:\/\/www.radiodigitaltamazunchale.com\/landing\/wp-json\/wp\/v2\/posts\/41579\/revisions\/41581"}],"wp:featuredmedia":[{"embeddable":true,"href":"https:\/\/www.radiodigitaltamazunchale.com\/landing\/wp-json\/wp\/v2\/media\/41580"}],"wp:attachment":[{"href":"https:\/\/www.radiodigitaltamazunchale.com\/landing\/wp-json\/wp\/v2\/media?parent=41579"}],"wp:term":[{"taxonomy":"category","embeddable":true,"href":"https:\/\/www.radiodigitaltamazunchale.com\/landing\/wp-json\/wp\/v2\/categories?post=41579"},{"taxonomy":"post_tag","embeddable":true,"href":"https:\/\/www.radiodigitaltamazunchale.com\/landing\/wp-json\/wp\/v2\/tags?post=41579"}],"curies":[{"name":"wp","href":"https:\/\/api.w.org\/{rel}","templated":true}]}}