{"id":41604,"date":"2021-03-05T16:18:52","date_gmt":"2021-03-05T22:18:52","guid":{"rendered":"http:\/\/www.radiodigitaltamazunchale.com\/landing\/?p=41604"},"modified":"2021-03-05T16:18:53","modified_gmt":"2021-03-05T22:18:53","slug":"naina-en-el-teatro-de-la-paz","status":"publish","type":"post","link":"https:\/\/www.radiodigitaltamazunchale.com\/landing\/uncategorized\/naina-en-el-teatro-de-la-paz\/","title":{"rendered":"\u201cNAINA\u201d EN EL TEATRO DE LA PAZ"},"content":{"rendered":"\n<p>La Secretar\u00eda de Cultura de San Luis Potos\u00ed, invita a la presentaci\u00f3n de \u201cNaina\u201d a trav\u00e9s de las redes sociales del Teatro de la Paz, el lunes 8 de marzo a las 20:30 h, con motivo de conmemorar el D\u00eda Internacional de la Mujer.<\/p>\n\n\n\n<p>\u201cNaina\u201d es una extraordinaria cantante y compositora originaria de la Ciudad de M\u00e9xico, su m\u00fasica y su voz son un h\u00edbrido donde se integra principalmente la m\u00fasica del mundo, jazz, rock y folk. A ella se le caracteriza como una voz profunda y de car\u00e1cter histri\u00f3nico que canta letras que van desde lo m\u00e1s simple hasta el despertar de la consciencia, el respeto por la tierra y equidad.<\/p>\n\n\n\n<p>Se ha presentado en Madrid, Valencia y Guatemala; en el Teatro de la Ciudad Esperanza Iris presentaci\u00f3n del disco NAINA HAGUA en uno de los recintos m\u00e1s importantes de CDMX; Festival Internacional de Jazz Quer\u00e9taro- Montreal se presenta disco NAINA JAZZY temas jazz tradicional y temas Camino al Sol; en el Sistema de Teatros a trav\u00e9s de la Secretar\u00eda de Cultura CDMX, para realizar una serie de conciertos de Camino al Sol; en el Z\u00f3calo Capitalino CDMX Festival del D\u00eda de Muertos.<\/p>\n\n\n\n<p>Fue becada por el Seminario Jazz Xalapa y Berklee college of music, como cantante de Jazz, en la Universidad de Xalapa Veracruz; ha tenido participaciones y colaboraciones en Festival de Canada day (Calgary y Canad\u00e1), en el Festival Internacional Cervantino como invitada, en el Taraf de Ha\u00efdouks y Nabuzenko y en el homenaje a Nelson Mandela en el estado de Aguascalientes.<\/p>\n\n\n\n<p>Las fechas de reprogramaci\u00f3n de actividades culturales de forma presencial se dar\u00e1n a conocer a trav\u00e9s de los distintos espacios con los que cuenta la Secretar\u00eda de Cultura en San Luis Potos\u00ed, como redes sociales institucionales, la App \u201cSLP Cultura\u201d disponible para dispositivos m\u00f3viles Android como iOS, y en medios de informaci\u00f3n y comunicaci\u00f3n.<\/p>\n","protected":false},"excerpt":{"rendered":"<p>La Secretar\u00eda de Cultura de San Luis Potos\u00ed, invita a la presentaci\u00f3n de \u201cNaina\u201d a trav\u00e9s de las redes sociales<\/p>\n","protected":false},"author":1,"featured_media":41605,"comment_status":"open","ping_status":"open","sticky":false,"template":"","format":"standard","meta":[],"categories":[1],"tags":[],"_links":{"self":[{"href":"https:\/\/www.radiodigitaltamazunchale.com\/landing\/wp-json\/wp\/v2\/posts\/41604"}],"collection":[{"href":"https:\/\/www.radiodigitaltamazunchale.com\/landing\/wp-json\/wp\/v2\/posts"}],"about":[{"href":"https:\/\/www.radiodigitaltamazunchale.com\/landing\/wp-json\/wp\/v2\/types\/post"}],"author":[{"embeddable":true,"href":"https:\/\/www.radiodigitaltamazunchale.com\/landing\/wp-json\/wp\/v2\/users\/1"}],"replies":[{"embeddable":true,"href":"https:\/\/www.radiodigitaltamazunchale.com\/landing\/wp-json\/wp\/v2\/comments?post=41604"}],"version-history":[{"count":1,"href":"https:\/\/www.radiodigitaltamazunchale.com\/landing\/wp-json\/wp\/v2\/posts\/41604\/revisions"}],"predecessor-version":[{"id":41606,"href":"https:\/\/www.radiodigitaltamazunchale.com\/landing\/wp-json\/wp\/v2\/posts\/41604\/revisions\/41606"}],"wp:featuredmedia":[{"embeddable":true,"href":"https:\/\/www.radiodigitaltamazunchale.com\/landing\/wp-json\/wp\/v2\/media\/41605"}],"wp:attachment":[{"href":"https:\/\/www.radiodigitaltamazunchale.com\/landing\/wp-json\/wp\/v2\/media?parent=41604"}],"wp:term":[{"taxonomy":"category","embeddable":true,"href":"https:\/\/www.radiodigitaltamazunchale.com\/landing\/wp-json\/wp\/v2\/categories?post=41604"},{"taxonomy":"post_tag","embeddable":true,"href":"https:\/\/www.radiodigitaltamazunchale.com\/landing\/wp-json\/wp\/v2\/tags?post=41604"}],"curies":[{"name":"wp","href":"https:\/\/api.w.org\/{rel}","templated":true}]}}