{"id":41608,"date":"2021-03-05T08:40:00","date_gmt":"2021-03-05T14:40:00","guid":{"rendered":"http:\/\/www.radiodigitaltamazunchale.com\/landing\/?p=41608"},"modified":"2021-03-06T09:27:58","modified_gmt":"2021-03-06T15:27:58","slug":"congreso-del-estado-exhorta-al-congreso-de-la-union-en-favor-de-los-trabajadores-pensionados-y-jubilados-del-issste","status":"publish","type":"post","link":"https:\/\/www.radiodigitaltamazunchale.com\/landing\/uncategorized\/congreso-del-estado-exhorta-al-congreso-de-la-union-en-favor-de-los-trabajadores-pensionados-y-jubilados-del-issste\/","title":{"rendered":"CONGRESO DEL ESTADO EXHORTA AL CONGRESO DE LA UNI\u00d3N EN FAVOR DE LOS TRABAJADORES PENSIONADOS Y JUBILADOS DEL ISSSTE"},"content":{"rendered":"\n<p><strong>NECESITAMOS PROTEGER A LOS MAESTROS JUBILADOS QUE HAN DADO SU VIDA POR LA EDUCACI\u00d3N: DIP MARTHA BARAJAS GARC\u00cdA<\/strong><\/p>\n\n\n\n<p>El Congreso del Estado aprob\u00f3 exhortar al Congreso de la Uni\u00f3n para que mediante un ejercicio de Parlamento Abierto, realicen el proceso legislativo que permita esclarecer que para los efectos de las prestaciones sociales que se otorgan en raz\u00f3n de la Ley del Instituto de Seguridad y Servicios Sociales de los Trabajadores del Estado, se deber\u00e1 utilizar como medida de c\u00e1lculo el salario m\u00ednimo y no la Unidad de Medida y Actualizaci\u00f3n.&nbsp;<\/p>\n\n\n\n<p>El Punto de Acuerdo fue presentado por la diputada Martha Barajas Garc\u00eda quien dijo que, el 17 de febrero del presente a\u00f1o la SCJN emiti\u00f3 una jurisprudencia por contradicci\u00f3n, en el que en su parte medular se\u00f1ala: que el tope m\u00e1ximo de la pensi\u00f3n jubilatoria otorgada por el ISSSTE, deber\u00e1 cuantificarse en Unidad de Medida y Actualizaci\u00f3n y no en salarios m\u00ednimos.<\/p>\n\n\n\n<p>Barajas Garc\u00eda dijo que, la resoluci\u00f3n vulnera de manera determinante al trabajador, tanto al jubilado, como aquel que tenga la expectativa de hacerlo, as\u00ed mismo, violenta lo establecido en la Jurisprudencia de la Corte Interamericana de Derechos Humano, en el cual se\u00f1ala que las pensiones deben tener como referencia el salario.<\/p>\n\n\n\n<p>Explic\u00f3 que la Ley del UMA fue creada en el 2016 para detener el deterioro del salario m\u00ednimo; para desvincularse de factores que nada ten\u00edan que ver con el trabajo o la seguridad social, como las multas o recargos. Es decir, fue creada para dejar de utilizar al salario m\u00ednimo como instrumento de indexaci\u00f3n y actualizaci\u00f3n de los montos de las obligaciones previstas en diversos ordenamientos jur\u00eddicos.<\/p>\n\n\n\n<p>Finalmente dijo que ante este nuevo criterio jurisprudencial que afecta a miles de trabajadores que han dedicado su vida al servicio de las institucionales p\u00fablicas, es que resulta pertinente que se inicie a la brevedad un proceso legislativo de parlamento abierto, que permita escuchar a todas las voces que puedan dotar al Poder Legislativo Federal, sobre los argumentos para que en la Ley quede precisada la unidad que deber\u00e1 tomarse como referencia para el c\u00e1lculo de la pensi\u00f3n, poniendo fin a toda controversia que se encamine en ese sentido.<\/p>\n","protected":false},"excerpt":{"rendered":"<p>NECESITAMOS PROTEGER A LOS MAESTROS JUBILADOS QUE HAN DADO SU VIDA POR LA EDUCACI\u00d3N: DIP MARTHA BARAJAS GARC\u00cdA El Congreso<\/p>\n","protected":false},"author":1,"featured_media":41609,"comment_status":"open","ping_status":"open","sticky":false,"template":"","format":"standard","meta":[],"categories":[1],"tags":[],"_links":{"self":[{"href":"https:\/\/www.radiodigitaltamazunchale.com\/landing\/wp-json\/wp\/v2\/posts\/41608"}],"collection":[{"href":"https:\/\/www.radiodigitaltamazunchale.com\/landing\/wp-json\/wp\/v2\/posts"}],"about":[{"href":"https:\/\/www.radiodigitaltamazunchale.com\/landing\/wp-json\/wp\/v2\/types\/post"}],"author":[{"embeddable":true,"href":"https:\/\/www.radiodigitaltamazunchale.com\/landing\/wp-json\/wp\/v2\/users\/1"}],"replies":[{"embeddable":true,"href":"https:\/\/www.radiodigitaltamazunchale.com\/landing\/wp-json\/wp\/v2\/comments?post=41608"}],"version-history":[{"count":1,"href":"https:\/\/www.radiodigitaltamazunchale.com\/landing\/wp-json\/wp\/v2\/posts\/41608\/revisions"}],"predecessor-version":[{"id":41610,"href":"https:\/\/www.radiodigitaltamazunchale.com\/landing\/wp-json\/wp\/v2\/posts\/41608\/revisions\/41610"}],"wp:featuredmedia":[{"embeddable":true,"href":"https:\/\/www.radiodigitaltamazunchale.com\/landing\/wp-json\/wp\/v2\/media\/41609"}],"wp:attachment":[{"href":"https:\/\/www.radiodigitaltamazunchale.com\/landing\/wp-json\/wp\/v2\/media?parent=41608"}],"wp:term":[{"taxonomy":"category","embeddable":true,"href":"https:\/\/www.radiodigitaltamazunchale.com\/landing\/wp-json\/wp\/v2\/categories?post=41608"},{"taxonomy":"post_tag","embeddable":true,"href":"https:\/\/www.radiodigitaltamazunchale.com\/landing\/wp-json\/wp\/v2\/tags?post=41608"}],"curies":[{"name":"wp","href":"https:\/\/api.w.org\/{rel}","templated":true}]}}