{"id":41647,"date":"2021-03-07T08:59:00","date_gmt":"2021-03-07T14:59:00","guid":{"rendered":"http:\/\/www.radiodigitaltamazunchale.com\/landing\/?p=41647"},"modified":"2021-03-08T08:59:44","modified_gmt":"2021-03-08T14:59:44","slug":"positiva-la-aprobacion-del-senado-para-que-el-salario-minimo-siempre-aumente-por-arriba-de-la-inflacion","status":"publish","type":"post","link":"https:\/\/www.radiodigitaltamazunchale.com\/landing\/uncategorized\/positiva-la-aprobacion-del-senado-para-que-el-salario-minimo-siempre-aumente-por-arriba-de-la-inflacion\/","title":{"rendered":"POSITIVA LA APROBACI\u00d3N DEL SENADO PARA QUE EL SALARIO M\u00cdNIMO SIEMPRE AUMENTE POR ARRIBA DE LA INFLACI\u00d3N."},"content":{"rendered":"\n<p><strong>SE TRATA DE UNA ACCI\u00d3N AFIRMATIVA PARA BENEFICIO DE LOS TRABAJADORES QUE POR D\u00c9CADAS HAN VISTO DISMINUIDO CONSIDERABLEMENTE SU SALARIO: DIP. MARTHA BARAJAS GARC\u00cdA.<\/strong><\/p>\n\n\n\n<p>La diputada Martha Barajas Garc\u00eda, presidenta de la Comisi\u00f3n del Trabajo y Previsi\u00f3n Social del Congreso del Estado, dijo que es muy positiva reforma a la Ley Federal del Trabajo aprobada recientemente por el Senado, para garantizar que el aumento anual de los salarios m\u00ednimos est\u00e9 siempre por arriba del \u00edndice de inflaci\u00f3n.<\/p>\n\n\n\n<p>Se\u00f1al\u00f3 que, se trata de una acci\u00f3n afirmativa para beneficio de los trabajadores que por d\u00e9cadas han visto disminuido considerablemente su salario ante los incrementos inflacionarios.<\/p>\n\n\n\n<p>\u201cPor a\u00f1os el salario m\u00ednimo se ve\u00eda pulverizado por la inflaci\u00f3n, porque aumentaba el salario pero aumentaban tambi\u00e9n los costos de la canasta b\u00e1sica y hoy se pretende que sea mayor para que no se vea pulverizado el salario m\u00ednimo y es una acci\u00f3n a favor de los trabajadores\u201d.<\/p>\n\n\n\n<p>Se\u00f1al\u00f3 que, el decreto que ser\u00e1 turnado al Ejecutivo Federal para su publicaci\u00f3n y entrada en vigor, indica la necesidad de contar con un salario competitivo y fuerte que nunca est\u00e9 por debajo de la inflaci\u00f3n para que los trabajadores puedan cubrir sus necesidades familiares y a su vez, promover el crecimiento econ\u00f3mico del pa\u00eds.<\/p>\n\n\n\n<p>La legisladora se\u00f1al\u00f3 que, estas acciones ser\u00e1n muy importantes para fortalecer la econom\u00eda familiar, principalmente afectada en el \u00faltimo a\u00f1o como consecuencia de la pandemia por COVID-19 y que ha impactado negativamente la econom\u00eda de los trabajadores.<\/p>\n","protected":false},"excerpt":{"rendered":"<p>SE TRATA DE UNA ACCI\u00d3N AFIRMATIVA PARA BENEFICIO DE LOS TRABAJADORES QUE POR D\u00c9CADAS HAN VISTO DISMINUIDO CONSIDERABLEMENTE SU SALARIO:<\/p>\n","protected":false},"author":1,"featured_media":41648,"comment_status":"open","ping_status":"open","sticky":false,"template":"","format":"standard","meta":[],"categories":[1],"tags":[],"_links":{"self":[{"href":"https:\/\/www.radiodigitaltamazunchale.com\/landing\/wp-json\/wp\/v2\/posts\/41647"}],"collection":[{"href":"https:\/\/www.radiodigitaltamazunchale.com\/landing\/wp-json\/wp\/v2\/posts"}],"about":[{"href":"https:\/\/www.radiodigitaltamazunchale.com\/landing\/wp-json\/wp\/v2\/types\/post"}],"author":[{"embeddable":true,"href":"https:\/\/www.radiodigitaltamazunchale.com\/landing\/wp-json\/wp\/v2\/users\/1"}],"replies":[{"embeddable":true,"href":"https:\/\/www.radiodigitaltamazunchale.com\/landing\/wp-json\/wp\/v2\/comments?post=41647"}],"version-history":[{"count":1,"href":"https:\/\/www.radiodigitaltamazunchale.com\/landing\/wp-json\/wp\/v2\/posts\/41647\/revisions"}],"predecessor-version":[{"id":41649,"href":"https:\/\/www.radiodigitaltamazunchale.com\/landing\/wp-json\/wp\/v2\/posts\/41647\/revisions\/41649"}],"wp:featuredmedia":[{"embeddable":true,"href":"https:\/\/www.radiodigitaltamazunchale.com\/landing\/wp-json\/wp\/v2\/media\/41648"}],"wp:attachment":[{"href":"https:\/\/www.radiodigitaltamazunchale.com\/landing\/wp-json\/wp\/v2\/media?parent=41647"}],"wp:term":[{"taxonomy":"category","embeddable":true,"href":"https:\/\/www.radiodigitaltamazunchale.com\/landing\/wp-json\/wp\/v2\/categories?post=41647"},{"taxonomy":"post_tag","embeddable":true,"href":"https:\/\/www.radiodigitaltamazunchale.com\/landing\/wp-json\/wp\/v2\/tags?post=41647"}],"curies":[{"name":"wp","href":"https:\/\/api.w.org\/{rel}","templated":true}]}}