{"id":41657,"date":"2021-03-07T09:17:00","date_gmt":"2021-03-07T15:17:00","guid":{"rendered":"http:\/\/www.radiodigitaltamazunchale.com\/landing\/?p=41657"},"modified":"2021-03-08T09:17:48","modified_gmt":"2021-03-08T15:17:48","slug":"conferencia-mujeres-en-el-trabajo-en-el-museo-del-ferrocarril","status":"publish","type":"post","link":"https:\/\/www.radiodigitaltamazunchale.com\/landing\/uncategorized\/conferencia-mujeres-en-el-trabajo-en-el-museo-del-ferrocarril\/","title":{"rendered":"CONFERENCIA \u201cMUJERES EN EL TRABAJO\u201d EN EL MUSEO DEL FERROCARRIL"},"content":{"rendered":"\n<p>El pr\u00f3ximo lunes 8 de marzo a las 19:00 horas se presentar\u00e1 mediante Facebook Live del Museo del Ferrocarril Jes\u00fas Garc\u00eda Corona, la conferencia \u201cMujeres en el trabajo\u201d, con el objetivo de conocer cu\u00e1l ha sido el desarrollo de su incursi\u00f3n en el \u00e1mbito p\u00fablico, inform\u00f3 la Secretar\u00eda de Cultura de San Luis Potos\u00ed (SECULT).<\/p>\n\n\n\n<p>Esta conferencia detallar\u00e1 desde los cambios que se vivieron en el trabajo durante la Revoluci\u00f3n industrial en los periodos de guerra y posguerra, as\u00ed como los procesos de migraci\u00f3n, crisis econ\u00f3micas y los movimientos sociales que han influido en la integraci\u00f3n de las mujeres en el \u00e1mbito laboral.<\/p>\n\n\n\n<p>Estar\u00e1 a cargo de Laura Regina Rodr\u00edguez L\u00f3pez, quien se encuentra en el \u00e1rea de servicios educativos, fungiendo como apoyo en la investigaci\u00f3n, adem\u00e1s de gu\u00eda dentro del recinto cultural. Egresada de la carrera de Historia por la facultad de Ciencias Sociales y Humanidades de la UASLP.<\/p>\n\n\n\n<p>Las fechas de reprogramaci\u00f3n de actividades culturales de forma presencial se dar\u00e1n a conocer a trav\u00e9s de los distintos espacios con los que cuenta la Secretar\u00eda de Cultura en San Luis Potos\u00ed, como redes sociales institucionales, la App \u201cSLP Cultura\u201d disponible para dispositivos m\u00f3viles Android como iOS, y en medios de informaci\u00f3n y comunicaci\u00f3n.<\/p>\n","protected":false},"excerpt":{"rendered":"<p>El pr\u00f3ximo lunes 8 de marzo a las 19:00 horas se presentar\u00e1 mediante Facebook Live del Museo del Ferrocarril Jes\u00fas<\/p>\n","protected":false},"author":1,"featured_media":41658,"comment_status":"open","ping_status":"open","sticky":false,"template":"","format":"standard","meta":[],"categories":[1],"tags":[],"_links":{"self":[{"href":"https:\/\/www.radiodigitaltamazunchale.com\/landing\/wp-json\/wp\/v2\/posts\/41657"}],"collection":[{"href":"https:\/\/www.radiodigitaltamazunchale.com\/landing\/wp-json\/wp\/v2\/posts"}],"about":[{"href":"https:\/\/www.radiodigitaltamazunchale.com\/landing\/wp-json\/wp\/v2\/types\/post"}],"author":[{"embeddable":true,"href":"https:\/\/www.radiodigitaltamazunchale.com\/landing\/wp-json\/wp\/v2\/users\/1"}],"replies":[{"embeddable":true,"href":"https:\/\/www.radiodigitaltamazunchale.com\/landing\/wp-json\/wp\/v2\/comments?post=41657"}],"version-history":[{"count":1,"href":"https:\/\/www.radiodigitaltamazunchale.com\/landing\/wp-json\/wp\/v2\/posts\/41657\/revisions"}],"predecessor-version":[{"id":41659,"href":"https:\/\/www.radiodigitaltamazunchale.com\/landing\/wp-json\/wp\/v2\/posts\/41657\/revisions\/41659"}],"wp:featuredmedia":[{"embeddable":true,"href":"https:\/\/www.radiodigitaltamazunchale.com\/landing\/wp-json\/wp\/v2\/media\/41658"}],"wp:attachment":[{"href":"https:\/\/www.radiodigitaltamazunchale.com\/landing\/wp-json\/wp\/v2\/media?parent=41657"}],"wp:term":[{"taxonomy":"category","embeddable":true,"href":"https:\/\/www.radiodigitaltamazunchale.com\/landing\/wp-json\/wp\/v2\/categories?post=41657"},{"taxonomy":"post_tag","embeddable":true,"href":"https:\/\/www.radiodigitaltamazunchale.com\/landing\/wp-json\/wp\/v2\/tags?post=41657"}],"curies":[{"name":"wp","href":"https:\/\/api.w.org\/{rel}","templated":true}]}}