{"id":41697,"date":"2021-03-09T15:11:03","date_gmt":"2021-03-09T21:11:03","guid":{"rendered":"http:\/\/www.radiodigitaltamazunchale.com\/landing\/?p=41697"},"modified":"2021-03-09T15:11:04","modified_gmt":"2021-03-09T21:11:04","slug":"sensibiliza-cjm-a-policias-para-atencion-de-violencia-contra-mujeres","status":"publish","type":"post","link":"https:\/\/www.radiodigitaltamazunchale.com\/landing\/uncategorized\/sensibiliza-cjm-a-policias-para-atencion-de-violencia-contra-mujeres\/","title":{"rendered":"SENSIBILIZA CJM A POLIC\u00cdAS PARA ATENCI\u00d3N DE VIOLENCIA CONTRA MUJERES"},"content":{"rendered":"\n<p>Como parte de las actividades por el D\u00eda Internacional de la Mujer, el Centro de Justicia para las Mujeres (CJM) llev\u00f3 a cabo la capacitaci\u00f3n para sensibilizar a elementos de la polic\u00edas estatales y municipales en temas de g\u00e9nero, modelos de intervenci\u00f3n y actuaciones adecuadas, con la finalidad de generar pautas de acci\u00f3n que prevengan la violencia de g\u00e9nero y atiendan a las mujeres v\u00edctimas de la misma.<\/p>\n\n\n\n<p>Dicho taller fue dise\u00f1ado por la Unidad de Prevenci\u00f3n del Centro con el prop\u00f3sito de capacitar y ampliar los conocimientos de la polic\u00eda como primer contacto con las mujeres en condici\u00f3n de violencia.<\/p>\n\n\n\n<p>Asimismo, se busca que los agentes policiacos atiendan puntualmente la violencia de g\u00e9nero, eviten la revictimizaci\u00f3n de las personas afectadas y reforzar el protocolo de atenci\u00f3n para las mujeres.<\/p>\n\n\n\n<p>Este taller fue impartido de manera virtual a 37 elementos policiales y administrativos de los municipios de Rioverde, Matehuala, zona Huasteca y zona Centro, adem\u00e1s estuvieron la coordinadora General del CJM, el secretario del Ayuntamiento en Rioverde y Delegado Regional para el 4\u00b0 distrito de la Fiscal\u00eda General del Estado con sede en el municipio de Rioverde.<\/p>\n\n\n\n<p>La capacitaci\u00f3n es parte de dos talleres con el prop\u00f3sito de sensibilizar a los elementos para actuar con perspectiva de g\u00e9nero en las distintas actividades que realizan de manera diaria y al momento de atender los asuntos donde se involucran en situaci\u00f3n de violencia de manera directa a mujeres, sus hijos e hijas.<\/p>\n","protected":false},"excerpt":{"rendered":"<p>Como parte de las actividades por el D\u00eda Internacional de la Mujer, el Centro de Justicia para las Mujeres (CJM)<\/p>\n","protected":false},"author":1,"featured_media":41698,"comment_status":"open","ping_status":"open","sticky":false,"template":"","format":"standard","meta":[],"categories":[1],"tags":[],"_links":{"self":[{"href":"https:\/\/www.radiodigitaltamazunchale.com\/landing\/wp-json\/wp\/v2\/posts\/41697"}],"collection":[{"href":"https:\/\/www.radiodigitaltamazunchale.com\/landing\/wp-json\/wp\/v2\/posts"}],"about":[{"href":"https:\/\/www.radiodigitaltamazunchale.com\/landing\/wp-json\/wp\/v2\/types\/post"}],"author":[{"embeddable":true,"href":"https:\/\/www.radiodigitaltamazunchale.com\/landing\/wp-json\/wp\/v2\/users\/1"}],"replies":[{"embeddable":true,"href":"https:\/\/www.radiodigitaltamazunchale.com\/landing\/wp-json\/wp\/v2\/comments?post=41697"}],"version-history":[{"count":1,"href":"https:\/\/www.radiodigitaltamazunchale.com\/landing\/wp-json\/wp\/v2\/posts\/41697\/revisions"}],"predecessor-version":[{"id":41699,"href":"https:\/\/www.radiodigitaltamazunchale.com\/landing\/wp-json\/wp\/v2\/posts\/41697\/revisions\/41699"}],"wp:featuredmedia":[{"embeddable":true,"href":"https:\/\/www.radiodigitaltamazunchale.com\/landing\/wp-json\/wp\/v2\/media\/41698"}],"wp:attachment":[{"href":"https:\/\/www.radiodigitaltamazunchale.com\/landing\/wp-json\/wp\/v2\/media?parent=41697"}],"wp:term":[{"taxonomy":"category","embeddable":true,"href":"https:\/\/www.radiodigitaltamazunchale.com\/landing\/wp-json\/wp\/v2\/categories?post=41697"},{"taxonomy":"post_tag","embeddable":true,"href":"https:\/\/www.radiodigitaltamazunchale.com\/landing\/wp-json\/wp\/v2\/tags?post=41697"}],"curies":[{"name":"wp","href":"https:\/\/api.w.org\/{rel}","templated":true}]}}