{"id":450,"date":"2016-05-26T19:26:24","date_gmt":"2016-05-26T19:26:24","guid":{"rendered":"http:\/\/www.radiodigitaltamazunchale.com\/landing\/?p=450"},"modified":"2016-05-26T19:26:24","modified_gmt":"2016-05-26T19:26:24","slug":"entregara-primo-dothe-nueva-unidad-de-salud-del-frente-ciudadano-dr-salvador-nava-martinez-para-el-traslado-de-pacientes","status":"publish","type":"post","link":"https:\/\/www.radiodigitaltamazunchale.com\/landing\/salud\/entregara-primo-dothe-nueva-unidad-de-salud-del-frente-ciudadano-dr-salvador-nava-martinez-para-el-traslado-de-pacientes\/","title":{"rendered":"ENTREGAR\u00c1 PRIMO DOTH\u00c9 NUEVA UNIDAD DE SALUD DEL FRENTE CIUDADANO \u00abDR. SALVADOR NAVA MART\u00cdNEZ\u00bb PARA EL TRASLADO DE PACIENTES."},"content":{"rendered":"<p>El l\u00edder del frente Ciudadano \u201cDr. Salvador Nava Mart\u00ednez\u201d el Ing. Primo Doth\u00e9 Mata realiz\u00f3 esta ma\u00f1ana una invitaci\u00f3n p\u00fablica a los ciudadanos de Tamazunchale y la regi\u00f3n para que lo acompa\u00f1en a entregar a la ciudadan\u00eda una nueva unidad para trasladar pacientes, \u00a0dicho evento se llevar\u00e1 a cabo este domingo 29 de Mayo en punto de las 11 de la ma\u00f1ana, en la Cancha Municipal de Tamazunchale, S.L.P.<\/p>\n<p>Compartimos para usted el texto completo de la invitaci\u00f3n.<\/p>\n<p>ESTAMOS MUY ALEGRES AMIGAS Y AMIGOS. Y queremos compartir esto con todas y todos ustedes. Quiero hacerles una invitaci\u00f3n para este domingo 29 de mayo. A las 11 de la ma\u00f1ana, en la Cancha Municipal de Tamazunchale, S.L.P. llevaremos a cabo un importante evento para nuestra colectividad: Presentaremos la NUEVA UNIDAD de salud del Frente Ciudadano \u00abDr. Salvador Nava Mart\u00ednez\u00bb para el traslado de pacientes. Es un veh\u00edculo modelo 2017 de 15 plazas que a partir de ese d\u00eda entregaremos al servicio de TODA la ciudadan\u00eda de la regi\u00f3n huasteca. Estos peque\u00f1os esfuerzos significan muchas alegr\u00edas para nosotros y queremos compartirlas con ustedes. Esperamos contar con el honor de sus valiosas presencias. La Marcha de la Dignidad no ha terminado. Saludos de su servidor y amigo&#8230;PRIMO DOTH\u00c9 MATA<\/p>\n<p>&nbsp;<\/p>\n<p>FOTOGRAF\u00cdA DE ARCHIVO<\/p>\n","protected":false},"excerpt":{"rendered":"<p>El l\u00edder del frente Ciudadano \u201cDr. Salvador Nava Mart\u00ednez\u201d el Ing. Primo Doth\u00e9 Mata realiz\u00f3 esta ma\u00f1ana una invitaci\u00f3n p\u00fablica<\/p>\n","protected":false},"author":2,"featured_media":451,"comment_status":"open","ping_status":"open","sticky":false,"template":"","format":"standard","meta":[],"categories":[15],"tags":[],"_links":{"self":[{"href":"https:\/\/www.radiodigitaltamazunchale.com\/landing\/wp-json\/wp\/v2\/posts\/450"}],"collection":[{"href":"https:\/\/www.radiodigitaltamazunchale.com\/landing\/wp-json\/wp\/v2\/posts"}],"about":[{"href":"https:\/\/www.radiodigitaltamazunchale.com\/landing\/wp-json\/wp\/v2\/types\/post"}],"author":[{"embeddable":true,"href":"https:\/\/www.radiodigitaltamazunchale.com\/landing\/wp-json\/wp\/v2\/users\/2"}],"replies":[{"embeddable":true,"href":"https:\/\/www.radiodigitaltamazunchale.com\/landing\/wp-json\/wp\/v2\/comments?post=450"}],"version-history":[{"count":1,"href":"https:\/\/www.radiodigitaltamazunchale.com\/landing\/wp-json\/wp\/v2\/posts\/450\/revisions"}],"predecessor-version":[{"id":452,"href":"https:\/\/www.radiodigitaltamazunchale.com\/landing\/wp-json\/wp\/v2\/posts\/450\/revisions\/452"}],"wp:featuredmedia":[{"embeddable":true,"href":"https:\/\/www.radiodigitaltamazunchale.com\/landing\/wp-json\/wp\/v2\/media\/451"}],"wp:attachment":[{"href":"https:\/\/www.radiodigitaltamazunchale.com\/landing\/wp-json\/wp\/v2\/media?parent=450"}],"wp:term":[{"taxonomy":"category","embeddable":true,"href":"https:\/\/www.radiodigitaltamazunchale.com\/landing\/wp-json\/wp\/v2\/categories?post=450"},{"taxonomy":"post_tag","embeddable":true,"href":"https:\/\/www.radiodigitaltamazunchale.com\/landing\/wp-json\/wp\/v2\/tags?post=450"}],"curies":[{"name":"wp","href":"https:\/\/api.w.org\/{rel}","templated":true}]}}