{"id":5311,"date":"2017-08-20T16:29:52","date_gmt":"2017-08-20T22:29:52","guid":{"rendered":"http:\/\/www.radiodigitaltamazunchale.com\/landing\/?p=5311"},"modified":"2017-08-20T16:29:52","modified_gmt":"2017-08-20T22:29:52","slug":"realizaran-conferencias-y-foro-sobre-perspectiva-de-genero-en-el-2do-ciclo-de-innovacion","status":"publish","type":"post","link":"https:\/\/www.radiodigitaltamazunchale.com\/landing\/uncategorized\/realizaran-conferencias-y-foro-sobre-perspectiva-de-genero-en-el-2do-ciclo-de-innovacion\/","title":{"rendered":"REALIZAR\u00c1N CONFERENCIAS Y FORO SOBRE PERSPECTIVA DE G\u00c9NERO EN EL 2DO. CICLO DE INNOVACI\u00d3N"},"content":{"rendered":"<p><span style=\"font-weight: 400;\">Dentro de las actividades que se desarrollar\u00e1n en el 2do Ciclo de Innovaci\u00f3n \u2013 Semana de las y los Servidores p\u00fablicos, destacan las conferencias y un foro sobre temas relativos a la perspectiva de g\u00e9nero dio a conocer El\u00edas Pesina Rodr\u00edguez Oficial Mayor del Ejecutivo quien precis\u00f3 que dichas actividades se realizar\u00e1n los d\u00edas 22 y 23 de agosto.<\/span><\/p>\n<p><span style=\"font-weight: 400;\">La Oficial\u00eda Mayor del Gobierno del Estado a partir de esta administraci\u00f3n realiza de manera anual la semana de las y los servidores p\u00fablicos, con el objetivo de impulsar el desarrollo humano, integral de los servidores p\u00fablicos de la administraci\u00f3n p\u00fablica estatal, mediante actividades de capacitaci\u00f3n, cultura, deportes, educaci\u00f3n y cultura de g\u00e9nero, para incrementar la calidad del servicio que prestan las dependencias y entidades<\/span><\/p>\n<p><span style=\"font-weight: 400;\">Como parte de la cultura institucional con perspectiva de g\u00e9nero el d\u00eda 22 de agosto en punto de las 11:00 hrs., Gloria Capistr\u00e1n Colunga impartir\u00e1 la conferencia \u201cViolencia de G\u00e9nero\u201d y a las 13:00 hrs., Jes\u00fas Paul Ibarra Collazo la conferencia \u201cTransversalizaci\u00f3n de la Perspectiva de G\u00e9nero en la Funci\u00f3n P\u00fablica. Estos eventos se desarrollar\u00e1n en la Sala Pedro Antonio de los Santos ubicada en la planta alta de Palacio de Gobierno.<\/span><\/p>\n<p><span style=\"font-weight: 400;\">El d\u00eda mi\u00e9rcoles 23 de agosto se realizar\u00e1 el Foro: \u201cLas Pol\u00edticas de G\u00e9nero al Interior de la Funci\u00f3n P\u00fablica: Resistencias, Retos y \u00c1reas de Oportunidad\u201d donde participar\u00e1n Claudia Leticia L\u00f3pez de la asociaci\u00f3n Estudios para la inclusi\u00f3n social, transformaci\u00f3n, mejora y equidad EPISTEME. Jorge Alberto Mares Torres de la asociaci\u00f3n Red de Diversificadores Sociales, Jos\u00e9 Javier Mart\u00ednez Ramos de la Universidad Pedag\u00f3gica Nacional y Roxana Montejano Villase\u00f1or de la Maestr\u00eda en Derechos Humanos de la UASLP.<\/span><br \/>\n<span style=\"font-weight: 400;\">Dicho Foro se realizar\u00e1 \u00a0en la Sala Pedro Antonio de los Santos de 13:00 a 15:00 hrs. Las y los interesados pueden consultar el programa completo en la p\u00e1gina web <\/span><a href=\"http:\/\/www.omayorslp.gob.mx\"><span style=\"font-weight: 400;\">www.omayorslp.gob.mx<\/span><\/a><span style=\"font-weight: 400;\">, en la p\u00e1gina Facebook Oficial\u00eda Mayor Gobierno del Estado SLP \u00a0y en Twitter OfMayorSLP, as\u00ed como en la Direcci\u00f3n de Desarrollo Humano en los tel\u00e9fonos 2468870 al 72.<\/span><\/p>\n","protected":false},"excerpt":{"rendered":"<p>Dentro de las actividades que se desarrollar\u00e1n en el 2do Ciclo de Innovaci\u00f3n \u2013 Semana de las y los Servidores<\/p>\n","protected":false},"author":2,"featured_media":5312,"comment_status":"open","ping_status":"open","sticky":false,"template":"","format":"standard","meta":[],"categories":[1],"tags":[],"_links":{"self":[{"href":"https:\/\/www.radiodigitaltamazunchale.com\/landing\/wp-json\/wp\/v2\/posts\/5311"}],"collection":[{"href":"https:\/\/www.radiodigitaltamazunchale.com\/landing\/wp-json\/wp\/v2\/posts"}],"about":[{"href":"https:\/\/www.radiodigitaltamazunchale.com\/landing\/wp-json\/wp\/v2\/types\/post"}],"author":[{"embeddable":true,"href":"https:\/\/www.radiodigitaltamazunchale.com\/landing\/wp-json\/wp\/v2\/users\/2"}],"replies":[{"embeddable":true,"href":"https:\/\/www.radiodigitaltamazunchale.com\/landing\/wp-json\/wp\/v2\/comments?post=5311"}],"version-history":[{"count":1,"href":"https:\/\/www.radiodigitaltamazunchale.com\/landing\/wp-json\/wp\/v2\/posts\/5311\/revisions"}],"predecessor-version":[{"id":5313,"href":"https:\/\/www.radiodigitaltamazunchale.com\/landing\/wp-json\/wp\/v2\/posts\/5311\/revisions\/5313"}],"wp:featuredmedia":[{"embeddable":true,"href":"https:\/\/www.radiodigitaltamazunchale.com\/landing\/wp-json\/wp\/v2\/media\/5312"}],"wp:attachment":[{"href":"https:\/\/www.radiodigitaltamazunchale.com\/landing\/wp-json\/wp\/v2\/media?parent=5311"}],"wp:term":[{"taxonomy":"category","embeddable":true,"href":"https:\/\/www.radiodigitaltamazunchale.com\/landing\/wp-json\/wp\/v2\/categories?post=5311"},{"taxonomy":"post_tag","embeddable":true,"href":"https:\/\/www.radiodigitaltamazunchale.com\/landing\/wp-json\/wp\/v2\/tags?post=5311"}],"curies":[{"name":"wp","href":"https:\/\/api.w.org\/{rel}","templated":true}]}}