{"id":5314,"date":"2017-08-20T16:43:08","date_gmt":"2017-08-20T22:43:08","guid":{"rendered":"http:\/\/www.radiodigitaltamazunchale.com\/landing\/?p=5314"},"modified":"2017-08-20T16:43:08","modified_gmt":"2017-08-20T22:43:08","slug":"inpojuve-y-la-casa-del-emprendedor-invitan-a-los-talleres-que-abren-nuevas-oportunidades-a-los-jovenes","status":"publish","type":"post","link":"https:\/\/www.radiodigitaltamazunchale.com\/landing\/uncategorized\/inpojuve-y-la-casa-del-emprendedor-invitan-a-los-talleres-que-abren-nuevas-oportunidades-a-los-jovenes\/","title":{"rendered":"INPOJUVE Y LA CASA DEL EMPRENDEDOR INVITAN A LOS TALLERES QUE ABREN NUEVAS OPORTUNIDADES A LOS J\u00d3VENES"},"content":{"rendered":"<p><span style=\"font-weight: 400;\">El Instituto Potosino de la Juventud, a trav\u00e9s de la Casa del Emprendedor invita a las y los j\u00f3venes potosinos a inscribirse a los talleres que se impartir\u00e1n durante el mes de agosto, que abren oportunidades a los j\u00f3venes hacia un mejor futuro en el \u00e1mbito laboral inform\u00f3 el titular de la dependencia Luis Fernando Alonso Molina. <\/span><\/p>\n<p><span style=\"font-weight: 400;\">Coment\u00f3 que durante el presente mes se han ofrecido 12 talleres, de los cuales 6 contin\u00faan vigentes, entre estos se encuentran: \u00abHablar en p\u00fablico\u00bb impartido por el mercad\u00f3logo y activista Gustavo Guevara, el cual, se llevar\u00e1 a cabo en la semana del lunes 21 de agosto al viernes 25 del mismo mes; en un horario de 16:00 a 18:00 horas sin costo alguno.<\/span><\/p>\n<p><span style=\"font-weight: 400;\">Dijo que el curso est\u00e1 programado para durar 10 horas, en las cuales se pretende que los j\u00f3venes aprendan a hacer un correcto uso del lenguaje corporal y de una comunicaci\u00f3n efectiva para transmitir su mensaje al p\u00fablico; desde una postura adecuada hasta saber qu\u00e9 palabras decir para desenvolverse frente a los dem\u00e1s.<\/span><\/p>\n<p><span style=\"font-weight: 400;\">Otro de los interesantes cursos es: \u00abRegistro de marca\u00bb, que ser\u00e1 impartido por H\u00e9ctor Guzm\u00e1n, el jueves 31 de agosto de 17:00 a 18:00 horas sin costo. Este curso busca generar conocimientos sobre la protecci\u00f3n de una marca propia a trav\u00e9s de asesor\u00eda.<\/span><\/p>\n<p><span style=\"font-weight: 400;\">\u00abInnovaci\u00f3n 2.0\u00bb, ser\u00e1 impartido por Hugo Mor\u00e1n cuya duraci\u00f3n es de una hora el jueves 24 de agosto de 17:00 a 18:00 horas sin costo alguno. La intenci\u00f3n del taller es encontrar nuevas formas para hacer crecer un negocio; perfecto para aquellos j\u00f3venes que buscan generar un mayor \u00e9xito con sus empresas, ampliarse y generar mayores ganancias.<\/span><\/p>\n<p><span style=\"font-weight: 400;\">\u00abBoot Camp\u00bb, ser\u00e1 impartido por la creadora y desarrolladora de negocios Marcela Rodr\u00edguez, del 24 al 27 de agosto en un horario de 8:00 a 16:00 horas, con un costo de 400. El curso busca validar ideas de un negocio, generar cambios y hacer un pitch de venta; este taller tiene como p\u00fablico a emprendedores que hayan comenzado con sus proyectos, sin embargo est\u00e1 abierto al p\u00fablico en general.<\/span><\/p>\n<p><span style=\"font-weight: 400;\">\u00abHow to pitch\u00bb, es un taller con duraci\u00f3n total de 2 horas repartidas en los d\u00edas lunes 28 \u00a0y martes 29 de agosto, de 12:00 a 13:00 horas, sin costo. El curso, impartido por Hugo Mor\u00e1n, busca ense\u00f1ar a los j\u00f3venes a estructurar sus discursos para crear un pitch de venta efectivo que convenza al p\u00fablico objetivo.<\/span><\/p>\n<p><span style=\"font-weight: 400;\">\u00abMercadotecnia digital\u00bb, curso impartido por Javier Garc\u00eda se ofrecer\u00e1 en un horario de horario de 17:00 a 18:00 horas los d\u00edas mi\u00e9rcoles 30 y jueves 31 de agosto; con dos horas en total, de 17:00 a 18:00 horas tiene un costo de $200 pesos. El taller busca dotar a los j\u00f3venes de distintas herramientas digitales para darse a conocer con sus negocios en l\u00ednea, ya sea en sus propias p\u00e1ginas, redes sociales u otras plataformas.<\/span><\/p>\n<p><span style=\"font-weight: 400;\">Luis Fernando resalt\u00f3 \u00a0que La Casa del Emprendedor tiene la finalidad de fomentar la cultura emprendedora entre las y los j\u00f3venes mediante la capacitaci\u00f3n continua, por lo que estas actividades se realizan para apoyar un acceso a mejores oportunidades en el \u00e1mbito laboral.<\/span><span style=\"font-weight: 400;\">Para finalizar, Luis Fernando Alonso Molina se\u00f1al\u00f3 que los j\u00f3venes interesados en los talleres podr\u00e1n encontrar la informaci\u00f3n detallada en las redes sociales de INPOJUVE en Facebook: Inpojuve Actitud Joven; en Twitter: @inpojuve, o en la p\u00e1gina web: www.slpjoven.gob.mx. Tambi\u00e9n pueden llamar a los tel\u00e9fonos: 814 17 24 o al 814 65 06 en un horario de 8:00 \u00a0a 20:00 horas.<\/span><\/p>\n","protected":false},"excerpt":{"rendered":"<p>El Instituto Potosino de la Juventud, a trav\u00e9s de la Casa del Emprendedor invita a las y los j\u00f3venes potosinos<\/p>\n","protected":false},"author":2,"featured_media":5315,"comment_status":"open","ping_status":"open","sticky":false,"template":"","format":"standard","meta":[],"categories":[1],"tags":[],"_links":{"self":[{"href":"https:\/\/www.radiodigitaltamazunchale.com\/landing\/wp-json\/wp\/v2\/posts\/5314"}],"collection":[{"href":"https:\/\/www.radiodigitaltamazunchale.com\/landing\/wp-json\/wp\/v2\/posts"}],"about":[{"href":"https:\/\/www.radiodigitaltamazunchale.com\/landing\/wp-json\/wp\/v2\/types\/post"}],"author":[{"embeddable":true,"href":"https:\/\/www.radiodigitaltamazunchale.com\/landing\/wp-json\/wp\/v2\/users\/2"}],"replies":[{"embeddable":true,"href":"https:\/\/www.radiodigitaltamazunchale.com\/landing\/wp-json\/wp\/v2\/comments?post=5314"}],"version-history":[{"count":1,"href":"https:\/\/www.radiodigitaltamazunchale.com\/landing\/wp-json\/wp\/v2\/posts\/5314\/revisions"}],"predecessor-version":[{"id":5316,"href":"https:\/\/www.radiodigitaltamazunchale.com\/landing\/wp-json\/wp\/v2\/posts\/5314\/revisions\/5316"}],"wp:featuredmedia":[{"embeddable":true,"href":"https:\/\/www.radiodigitaltamazunchale.com\/landing\/wp-json\/wp\/v2\/media\/5315"}],"wp:attachment":[{"href":"https:\/\/www.radiodigitaltamazunchale.com\/landing\/wp-json\/wp\/v2\/media?parent=5314"}],"wp:term":[{"taxonomy":"category","embeddable":true,"href":"https:\/\/www.radiodigitaltamazunchale.com\/landing\/wp-json\/wp\/v2\/categories?post=5314"},{"taxonomy":"post_tag","embeddable":true,"href":"https:\/\/www.radiodigitaltamazunchale.com\/landing\/wp-json\/wp\/v2\/tags?post=5314"}],"curies":[{"name":"wp","href":"https:\/\/api.w.org\/{rel}","templated":true}]}}