{"id":5335,"date":"2017-08-21T17:06:17","date_gmt":"2017-08-21T23:06:17","guid":{"rendered":"http:\/\/www.radiodigitaltamazunchale.com\/landing\/?p=5335"},"modified":"2017-08-21T17:06:17","modified_gmt":"2017-08-21T23:06:17","slug":"ofrecera-el-imes-taller-de-liderazgo-a-titulares-de-instancias-municipales-de-la-mujer","status":"publish","type":"post","link":"https:\/\/www.radiodigitaltamazunchale.com\/landing\/uncategorized\/ofrecera-el-imes-taller-de-liderazgo-a-titulares-de-instancias-municipales-de-la-mujer\/","title":{"rendered":"OFRECER\u00c1 EL IMES TALLER DE LIDERAZGO A TITULARES DE INSTANCIAS MUNICIPALES DE LA MUJER"},"content":{"rendered":"<p><span style=\"font-weight: 400;\">En el marco de las reuniones regionales de Directoras de Instancias Municipales de la Mujer (IMM), que se llevar\u00e1n entre el 21 y el 24 de agosto pr\u00f3ximos, el Instituto de las Mujeres del Estado de San Luis Potos\u00ed (IMES), les ofrecer\u00e1 el taller denominado \u201cLiderazgo en Gesti\u00f3n Municipal y Cabildeo\u201d, con el objetivo de fortalecer sus capacidades y habilidades en esos rubros.<\/span><\/p>\n<p><span style=\"font-weight: 400;\">La primera de las reuniones regionales se llevar\u00e1 a cabo en Ciudad Valles los d\u00edas 21 y 22 de agosto, mientras que la reuni\u00f3n posterior se desarrollar\u00e1 en esta Capital del Estado los d\u00edas 23 y 24. <\/span><\/p>\n<p><span style=\"font-weight: 400;\">En Ciudad Valles, la sede de la reuni\u00f3n ser\u00e1 el Hotel Valles, donde se recibir\u00e1 a las titulares de las IMM de la regi\u00f3n Huasteca, mientras que en esta Capital, el Hotel Real Plaza ser\u00e1 la sede donde se recibir\u00e1 a las representantes de las IMM de las regiones Centro, Media y Altiplano.<\/span><\/p>\n<p><span style=\"font-weight: 400;\">En ambos casos, el primer d\u00eda del evento se llevar\u00e1 a cabo el registro de participantes, con la colaboraci\u00f3n de personal del Programa de Fortalecimiento a la Transversalidad de la Perspectiva de G\u00e9nero, y posteriormente se dar\u00e1 paso a la bienvenida del evento, a cargo de la titular del IMES, licenciada \u00c9rika Vel\u00e1zquez Guti\u00e9rrez.<\/span><\/p>\n<p><span style=\"font-weight: 400;\">Posteriormente, la introducci\u00f3n del evento estar\u00e1 a cargo de personal del \u00e1rea de Capacitaci\u00f3n del IMES, e inmediatamente despu\u00e9s se dar\u00e1 paso al inicio formal de la capacitaci\u00f3n que ser\u00e1 impartida Stela Mar\u00eda Fraginals Aguilar, de la Red Estatal de Mujeres Simone de Beauvoir, comenzando con la evaluaci\u00f3n inicial y encuadre del taller, y posteriormente se abordar\u00e1 el tema Liderazgo de las Mujeres.<\/span><\/p>\n<p><span style=\"font-weight: 400;\">A continuaci\u00f3n se abordar\u00e1 el tema Liderazgo y Gesti\u00f3n Municipal, seguido por los t\u00f3picos Empoderamiento de las Mujeres, y Gesti\u00f3n y Cabildeo, cerrando as\u00ed la primera jornada.<\/span><\/p>\n<p><span style=\"font-weight: 400;\">Durante el segundo d\u00eda del taller, en primer t\u00e9rmino se analizar\u00e1 la Participaci\u00f3n Pol\u00edtica de las Mujeres, y a continuaci\u00f3n se trabajar\u00e1 en el tema de Negociaci\u00f3n, e inmediatamente despu\u00e9s se desarrollar\u00e1 el tema Pr\u00e1ctica de una Estrategia Personal a Corto y Mediano Plazo: Plan de Vida, y para finalizar se obtendr\u00e1n las conclusiones y una evaluaci\u00f3n general del taller.<\/span><\/p>\n","protected":false},"excerpt":{"rendered":"<p>En el marco de las reuniones regionales de Directoras de Instancias Municipales de la Mujer (IMM), que se llevar\u00e1n entre<\/p>\n","protected":false},"author":2,"featured_media":5336,"comment_status":"open","ping_status":"open","sticky":false,"template":"","format":"standard","meta":[],"categories":[1],"tags":[],"_links":{"self":[{"href":"https:\/\/www.radiodigitaltamazunchale.com\/landing\/wp-json\/wp\/v2\/posts\/5335"}],"collection":[{"href":"https:\/\/www.radiodigitaltamazunchale.com\/landing\/wp-json\/wp\/v2\/posts"}],"about":[{"href":"https:\/\/www.radiodigitaltamazunchale.com\/landing\/wp-json\/wp\/v2\/types\/post"}],"author":[{"embeddable":true,"href":"https:\/\/www.radiodigitaltamazunchale.com\/landing\/wp-json\/wp\/v2\/users\/2"}],"replies":[{"embeddable":true,"href":"https:\/\/www.radiodigitaltamazunchale.com\/landing\/wp-json\/wp\/v2\/comments?post=5335"}],"version-history":[{"count":1,"href":"https:\/\/www.radiodigitaltamazunchale.com\/landing\/wp-json\/wp\/v2\/posts\/5335\/revisions"}],"predecessor-version":[{"id":5337,"href":"https:\/\/www.radiodigitaltamazunchale.com\/landing\/wp-json\/wp\/v2\/posts\/5335\/revisions\/5337"}],"wp:featuredmedia":[{"embeddable":true,"href":"https:\/\/www.radiodigitaltamazunchale.com\/landing\/wp-json\/wp\/v2\/media\/5336"}],"wp:attachment":[{"href":"https:\/\/www.radiodigitaltamazunchale.com\/landing\/wp-json\/wp\/v2\/media?parent=5335"}],"wp:term":[{"taxonomy":"category","embeddable":true,"href":"https:\/\/www.radiodigitaltamazunchale.com\/landing\/wp-json\/wp\/v2\/categories?post=5335"},{"taxonomy":"post_tag","embeddable":true,"href":"https:\/\/www.radiodigitaltamazunchale.com\/landing\/wp-json\/wp\/v2\/tags?post=5335"}],"curies":[{"name":"wp","href":"https:\/\/api.w.org\/{rel}","templated":true}]}}