{"id":5341,"date":"2017-08-21T17:16:27","date_gmt":"2017-08-21T23:16:27","guid":{"rendered":"http:\/\/www.radiodigitaltamazunchale.com\/landing\/?p=5341"},"modified":"2017-08-21T17:16:27","modified_gmt":"2017-08-21T23:16:27","slug":"organizan-la-primer-feria-del-empleo-cree","status":"publish","type":"post","link":"https:\/\/www.radiodigitaltamazunchale.com\/landing\/uncategorized\/organizan-la-primer-feria-del-empleo-cree\/","title":{"rendered":"ORGANIZAN LA PRIMER FERIA DEL EMPLEO CREE"},"content":{"rendered":"<ul>\n<li style=\"font-weight: 400;\"><b>Nueve empresas ofertar\u00e1n puestos de trabajo a personas con discapacidad y adultos mayores.<\/b><\/li>\n<\/ul>\n<p><span style=\"font-weight: 400;\">Con el fin de apoyar a las personas con discapacidad y adultos mayores que buscan integrarse al \u00e1mbito laboral, el Sistema Estatal para el Desarrollo Integral de la Familia (DIF) en coordinaci\u00f3n con la Secretar\u00eda del Trabajo y Previsi\u00f3n Social (STPS), a trav\u00e9s de la Red de Vinculaci\u00f3n Laboral para Personas con Discapacidad y el Adulto Mayor, realizar\u00e1n la Primera Feria del Empleo CREE (Centro de Rehabilitaci\u00f3n y Educaci\u00f3n Especial), el pr\u00f3ximo jueves 24 de agosto.<\/span><\/p>\n<p><span style=\"font-weight: 400;\">Esta feria, que se desarrollar\u00e1 en un horario de 8:30 a 14: 00 horas, es parte de las estrategias de la Red de Vinculaci\u00f3n Laboral para Personas con Discapacidad, para abrir espacios para acercar a los buscadores de empleo y las empresas solicitantes, como el prop\u00f3sito de hacer m\u00e1s eficaces los mecanismos r\u00e1pidos de colocaci\u00f3n.<\/span><\/p>\n<p><span style=\"font-weight: 400;\"> \u00a0\u00a0<\/span><span style=\"font-weight: 400;\">Las vacantes que se ofertar\u00e1n son para personas con discapacidad auditiva, intelectual, visual, motora y adultos mayores. Las compa\u00f1\u00edas incluyentes que participan son Alianza Estrat\u00e9gica en Seguridad Privada (Alesep), Arbell, Hotel Conrad, General Motors, Grunfos, Lamosa, Mabe, Silgan y Prodamex.<\/span><\/p>\n<p><span style=\"font-weight: 400;\">Cabe mencionar que se contar\u00e1 con la presencia del Instituto Estatal para la Educaci\u00f3n para J\u00f3venes y Adultos (IEEA), qui\u00e9n dar\u00e1 informaci\u00f3n sobre estudios de primaria y secundaria para adultos. Adem\u00e1s estar\u00e1 presente Juntos, Una Experiencia Compartida, A.C., qui\u00e9n asesorar\u00e1 y compartir\u00e1 informaci\u00f3n sobre empoderamiento y capacitaci\u00f3n.<\/span><\/p>\n<p><span style=\"font-weight: 400;\">En San Luis Potos\u00ed se cuenta con equipo y profesionales especializados para evaluar las habilidades laborales de personas con discapacidad y de la tercera, en el Centro de Evaluaci\u00f3n Valpar del CREE, donde se trabaja en coordinaci\u00f3n con empresas incluyentes, para ofrecer alternativas de empleos dignos, accesibles y con personas sensibilizadas, que apoyen la integraci\u00f3n de las personas colocadas.<\/span><\/p>\n<p><span style=\"font-weight: 400;\">Invitamos a las personas con discapacidad y adultos mayores, para que aprovechen esta oportunidad y acudan a las instalaciones del CREE, ubicado en carretera a M\u00e9xico, kil\u00f3metro 5.5, Colonia Ricardo B. Anaya, con una copia de identificaci\u00f3n oficial y comprobante de domicilio.<\/span><\/p>\n","protected":false},"excerpt":{"rendered":"<p>Nueve empresas ofertar\u00e1n puestos de trabajo a personas con discapacidad y adultos mayores. Con el fin de apoyar a las<\/p>\n","protected":false},"author":2,"featured_media":5342,"comment_status":"open","ping_status":"open","sticky":false,"template":"","format":"standard","meta":[],"categories":[1],"tags":[],"_links":{"self":[{"href":"https:\/\/www.radiodigitaltamazunchale.com\/landing\/wp-json\/wp\/v2\/posts\/5341"}],"collection":[{"href":"https:\/\/www.radiodigitaltamazunchale.com\/landing\/wp-json\/wp\/v2\/posts"}],"about":[{"href":"https:\/\/www.radiodigitaltamazunchale.com\/landing\/wp-json\/wp\/v2\/types\/post"}],"author":[{"embeddable":true,"href":"https:\/\/www.radiodigitaltamazunchale.com\/landing\/wp-json\/wp\/v2\/users\/2"}],"replies":[{"embeddable":true,"href":"https:\/\/www.radiodigitaltamazunchale.com\/landing\/wp-json\/wp\/v2\/comments?post=5341"}],"version-history":[{"count":1,"href":"https:\/\/www.radiodigitaltamazunchale.com\/landing\/wp-json\/wp\/v2\/posts\/5341\/revisions"}],"predecessor-version":[{"id":5343,"href":"https:\/\/www.radiodigitaltamazunchale.com\/landing\/wp-json\/wp\/v2\/posts\/5341\/revisions\/5343"}],"wp:featuredmedia":[{"embeddable":true,"href":"https:\/\/www.radiodigitaltamazunchale.com\/landing\/wp-json\/wp\/v2\/media\/5342"}],"wp:attachment":[{"href":"https:\/\/www.radiodigitaltamazunchale.com\/landing\/wp-json\/wp\/v2\/media?parent=5341"}],"wp:term":[{"taxonomy":"category","embeddable":true,"href":"https:\/\/www.radiodigitaltamazunchale.com\/landing\/wp-json\/wp\/v2\/categories?post=5341"},{"taxonomy":"post_tag","embeddable":true,"href":"https:\/\/www.radiodigitaltamazunchale.com\/landing\/wp-json\/wp\/v2\/tags?post=5341"}],"curies":[{"name":"wp","href":"https:\/\/api.w.org\/{rel}","templated":true}]}}