{"id":5344,"date":"2017-08-21T17:22:07","date_gmt":"2017-08-21T23:22:07","guid":{"rendered":"http:\/\/www.radiodigitaltamazunchale.com\/landing\/?p=5344"},"modified":"2017-08-21T17:22:07","modified_gmt":"2017-08-21T23:22:07","slug":"inauguran-el-2do-ciclo-de-innovacion-semana-de-las-y-los-servidores-publicos","status":"publish","type":"post","link":"https:\/\/www.radiodigitaltamazunchale.com\/landing\/uncategorized\/inauguran-el-2do-ciclo-de-innovacion-semana-de-las-y-los-servidores-publicos\/","title":{"rendered":"INAUGURAN EL  \u201c2do CICLO DE INNOVACI\u00d3N &#8211; SEMANA DE LAS Y LOS SERVIDORES P\u00daBLICOS\u201d"},"content":{"rendered":"<ul>\n<li style=\"font-weight: 400;\"><b>En el evento participan los Presidentes de el COLSAN Y CEDH, as\u00ed como catedr\u00e1ticos de la UNID y UCEM, entre otros.<\/b><\/li>\n<\/ul>\n<p><span style=\"font-weight: 400;\">El\u00edas Pesina Rodr\u00edguez Oficial Mayor del Ejecutivo inaugur\u00f3 los trabajos del 2do. Ciclo de Innovaci\u00f3n Semana de las y los Servidores P\u00fablicos, en donde se\u00f1al\u00f3 que este evento se realiza con el objetivo de implementar procesos de innovaci\u00f3n gubernamental para atender los desaf\u00edos que demandan los potosinos y poder ofrecer mejores servicios p\u00fablicos.<\/span><\/p>\n<p><span style=\"font-weight: 400;\">Acompa\u00f1ado del Secretario General de Gobierno Alejandro Leal Tov\u00edas, del Presidente del Colegio de San Luis David V\u00e1zquez Salgero y del Director de Desarrollo Humano de OM Francisco Escudero Villa, el oficial mayor subray\u00f3 la importancia de la profesionalizaci\u00f3n en el servicio p\u00fablico, por lo que se implementan actividades que fortalecen la capacitaci\u00f3n y el conocimiento de las pol\u00edticas p\u00fablicas de la administraci\u00f3n estatal, plasmadas en el \u00a0Plan Estatal de Desarrollo en su eje 5\u00ba \u201cSan Luis con Buen Gobierno\u201d.<\/span><\/p>\n<p><span style=\"font-weight: 400;\">Como inici\u00f3 del 2do Ciclo de Innovaci\u00f3n el Presidente del Colegio de San Luis David V\u00e1zquez Salgero imparti\u00f3 la conferencia magistral \u201cLa consolidaci\u00f3n institucional del M\u00e9xico contempor\u00e1neo\u201d. Posteriormente se llev\u00f3 a cabo la conferencia \u201cUna actitud mental positiva\u201d dirigida por Roberto Cant\u00fa.<\/span><\/p>\n<p><span style=\"font-weight: 400;\">En la semana de las y los servidores p\u00fablicos se llevar\u00e1n a cabo eventos de profesionalizaci\u00f3n, cultura institucional con perspectiva de g\u00e9nero, deportivos y culturales. <\/span><\/p>\n<p><span style=\"font-weight: 400;\">Las conferencias son las siguientes:<\/span><\/p>\n<p><span style=\"font-weight: 400;\">El d\u00eda 22 de agosto en punto de las 9:00 horas, Jorge Andr\u00e9s L\u00f3pez Espinoza Presidente de la Comisi\u00f3n Estatal de Derechos Humanos impartir\u00e1 la conferencia: \u201cLa reforma constitucional en materia de Derechos Humanos y su impacto en el Sistema Pol\u00edtico Mexicano\u201d.<\/span><\/p>\n<p><span style=\"font-weight: 400;\">El d\u00eda 23 de agosto se impartir\u00e1n las siguientes conferencias: \u201cNuevas formas de gesti\u00f3n en la Administraci\u00f3n P\u00fablica\u201d por Francisco Javier Rueda Castrillon catedr\u00e1tico de la UNID, a las 9:00 hrs y a las 11:00 la conferencia: \u201cGobierno Abierto\u201d por Ana Mar\u00eda Carrera Martell de la Secretar\u00eda General de Gobierno.<\/span><\/p>\n<p><span style=\"font-weight: 400;\">El \u00faltimo d\u00eda de conferencias ser\u00e1 el jueves 24 de agosto: a las 11:00 hrs, \u201cMedios alternativos de soluci\u00f3n de controversia, en un nuevo paradigma\u201d por Luis Mart\u00edn L\u00f3pez <\/span><\/p>\n","protected":false},"excerpt":{"rendered":"<p>En el evento participan los Presidentes de el COLSAN Y CEDH, as\u00ed como catedr\u00e1ticos de la UNID y UCEM, entre<\/p>\n","protected":false},"author":2,"featured_media":5345,"comment_status":"open","ping_status":"open","sticky":false,"template":"","format":"standard","meta":[],"categories":[1],"tags":[],"_links":{"self":[{"href":"https:\/\/www.radiodigitaltamazunchale.com\/landing\/wp-json\/wp\/v2\/posts\/5344"}],"collection":[{"href":"https:\/\/www.radiodigitaltamazunchale.com\/landing\/wp-json\/wp\/v2\/posts"}],"about":[{"href":"https:\/\/www.radiodigitaltamazunchale.com\/landing\/wp-json\/wp\/v2\/types\/post"}],"author":[{"embeddable":true,"href":"https:\/\/www.radiodigitaltamazunchale.com\/landing\/wp-json\/wp\/v2\/users\/2"}],"replies":[{"embeddable":true,"href":"https:\/\/www.radiodigitaltamazunchale.com\/landing\/wp-json\/wp\/v2\/comments?post=5344"}],"version-history":[{"count":1,"href":"https:\/\/www.radiodigitaltamazunchale.com\/landing\/wp-json\/wp\/v2\/posts\/5344\/revisions"}],"predecessor-version":[{"id":5346,"href":"https:\/\/www.radiodigitaltamazunchale.com\/landing\/wp-json\/wp\/v2\/posts\/5344\/revisions\/5346"}],"wp:featuredmedia":[{"embeddable":true,"href":"https:\/\/www.radiodigitaltamazunchale.com\/landing\/wp-json\/wp\/v2\/media\/5345"}],"wp:attachment":[{"href":"https:\/\/www.radiodigitaltamazunchale.com\/landing\/wp-json\/wp\/v2\/media?parent=5344"}],"wp:term":[{"taxonomy":"category","embeddable":true,"href":"https:\/\/www.radiodigitaltamazunchale.com\/landing\/wp-json\/wp\/v2\/categories?post=5344"},{"taxonomy":"post_tag","embeddable":true,"href":"https:\/\/www.radiodigitaltamazunchale.com\/landing\/wp-json\/wp\/v2\/tags?post=5344"}],"curies":[{"name":"wp","href":"https:\/\/api.w.org\/{rel}","templated":true}]}}