{"id":59882,"date":"2025-06-20T11:10:00","date_gmt":"2025-06-20T17:10:00","guid":{"rendered":"http:\/\/www.radiodigitaltamazunchale.com\/landing\/?p=59882"},"modified":"2025-06-21T11:35:52","modified_gmt":"2025-06-21T17:35:52","slug":"ricardo-gallardo-anuncia-llegada-de-empresa-coreana-a-san-luis","status":"publish","type":"post","link":"https:\/\/www.radiodigitaltamazunchale.com\/landing\/uncategorized\/ricardo-gallardo-anuncia-llegada-de-empresa-coreana-a-san-luis\/","title":{"rendered":"RICARDO GALLARDO ANUNCIA LLEGADA DE EMPRESA COREANA A SAN LUIS"},"content":{"rendered":"\n<p>El Gobernador del Estado Ricardo Gallardo Cardona anunci\u00f3 la consolidaci\u00f3n de la empresa coreana SL MEX en San Luis Potos\u00ed, con una inversi\u00f3n inicial de 45 millones de d\u00f3lares en su primera etapa.<\/p>\n\n\n\n<p>Gracias al desarrollo econ\u00f3mico sin l\u00edmites impulsado por el Gobierno Estatal, la Entidad se consolida como uno de los destinos m\u00e1s destacados para la inversi\u00f3n extranjera en M\u00e9xico y fortaleciendo su competitividad en el sector automotriz internacional.<\/p>\n\n\n\n<p>La planta est\u00e1 ubicada en el parque Logistik II, en Villa de Reyes, y su establecimiento representa un paso importante en la estrategia de diversificaci\u00f3n y modernizaci\u00f3n de la industria automotriz local. La llegada de esta inversi\u00f3n reafirma la confianza del capital internacional en el Estado y fortalece su posici\u00f3n como un destino atractivo para la inversi\u00f3n extranjera en M\u00e9xico.<\/p>\n\n\n\n<p>La planta, liderada por el presidente de SL MEX, Kyungsoo Koo, ya se encuentra concluida, abarcando una superficie de 8.9 hect\u00e1reas y con una edificaci\u00f3n de m\u00e1s de 14 mil metros cuadrados. Desde estas instalaciones, la empresa fabricar\u00e1 m\u00f3dulos de faros automotrices para marcas reconocidas como BMW, General Motors, Hyundai y Kia. Con una capacidad de producci\u00f3n de hasta un mill\u00f3n de m\u00f3dulos al a\u00f1o y la operaci\u00f3n de 12 l\u00edneas distintas, se generar\u00e1n 385 empleos directos, incluyendo t\u00e9cnicos, operadores y personal administrativo, lo que contribuir\u00e1 al desarrollo econ\u00f3mico de la regi\u00f3n.<\/p>\n\n\n\n<p>Con operaciones programadas para comenzar en los pr\u00f3ximos meses, SL MEX proyecta alcanzar ventas por 144 millones de d\u00f3lares anuales para 2030, posicionando a San Luis Potos\u00ed como un nodo clave en la cadena de suministro automotriz global.<\/p>\n","protected":false},"excerpt":{"rendered":"<p>El Gobernador del Estado Ricardo Gallardo Cardona anunci\u00f3 la consolidaci\u00f3n de la empresa coreana SL MEX en San Luis Potos\u00ed,<\/p>\n","protected":false},"author":1,"featured_media":59891,"comment_status":"open","ping_status":"open","sticky":false,"template":"","format":"standard","meta":[],"categories":[1],"tags":[],"_links":{"self":[{"href":"https:\/\/www.radiodigitaltamazunchale.com\/landing\/wp-json\/wp\/v2\/posts\/59882"}],"collection":[{"href":"https:\/\/www.radiodigitaltamazunchale.com\/landing\/wp-json\/wp\/v2\/posts"}],"about":[{"href":"https:\/\/www.radiodigitaltamazunchale.com\/landing\/wp-json\/wp\/v2\/types\/post"}],"author":[{"embeddable":true,"href":"https:\/\/www.radiodigitaltamazunchale.com\/landing\/wp-json\/wp\/v2\/users\/1"}],"replies":[{"embeddable":true,"href":"https:\/\/www.radiodigitaltamazunchale.com\/landing\/wp-json\/wp\/v2\/comments?post=59882"}],"version-history":[{"count":1,"href":"https:\/\/www.radiodigitaltamazunchale.com\/landing\/wp-json\/wp\/v2\/posts\/59882\/revisions"}],"predecessor-version":[{"id":59883,"href":"https:\/\/www.radiodigitaltamazunchale.com\/landing\/wp-json\/wp\/v2\/posts\/59882\/revisions\/59883"}],"wp:featuredmedia":[{"embeddable":true,"href":"https:\/\/www.radiodigitaltamazunchale.com\/landing\/wp-json\/wp\/v2\/media\/59891"}],"wp:attachment":[{"href":"https:\/\/www.radiodigitaltamazunchale.com\/landing\/wp-json\/wp\/v2\/media?parent=59882"}],"wp:term":[{"taxonomy":"category","embeddable":true,"href":"https:\/\/www.radiodigitaltamazunchale.com\/landing\/wp-json\/wp\/v2\/categories?post=59882"},{"taxonomy":"post_tag","embeddable":true,"href":"https:\/\/www.radiodigitaltamazunchale.com\/landing\/wp-json\/wp\/v2\/tags?post=59882"}],"curies":[{"name":"wp","href":"https:\/\/api.w.org\/{rel}","templated":true}]}}