{"id":6770,"date":"2017-12-09T10:18:09","date_gmt":"2017-12-09T16:18:09","guid":{"rendered":"http:\/\/www.radiodigitaltamazunchale.com\/landing\/?p=6770"},"modified":"2017-12-11T10:19:51","modified_gmt":"2017-12-11T16:19:51","slug":"inauguran-nave-industrial-de-cummins-en-el-centro-de-internamiento-juvenil","status":"publish","type":"post","link":"https:\/\/www.radiodigitaltamazunchale.com\/landing\/uncategorized\/inauguran-nave-industrial-de-cummins-en-el-centro-de-internamiento-juvenil\/","title":{"rendered":"INAUGURAN NAVE INDUSTRIAL DE CUMMINS EN EL CENTRO DE INTERNAMIENTO JUVENIL"},"content":{"rendered":"<p><span style=\"font-weight: 400;\">Como parte del compromiso con la poblaci\u00f3n penitenciaria joven, se arrancaron los trabajos de la nave industrial de la empresa Cummins, dentro del \u00a0Centro de Internamiento Juvenil (CIJ) donde el Secretario de Seguridad P\u00fablica del Estado, Jaime Ernesto Pineda Arteaga, agradeci\u00f3 el apoyo de las compa\u00f1\u00edas por participar en el desarrollo del programa \u201cMaquilando Oportunidades\u201d, mismo que busca crear una obra en beneficio de los j\u00f3venes que cumplen una medida de internamiento.<\/span><\/p>\n<p><span style=\"font-weight: 400;\">Pineda Arteaga, agreg\u00f3 que este arranque representa, adem\u00e1s de una dignificaci\u00f3n \u00a0al espacio al interior del Centro Tutelar de Menores, la posibilidad para el desarrollo de habilidades de los j\u00f3venes dentro de la industria de la maquila. <\/span><\/p>\n<p><span style=\"font-weight: 400;\">Por su parte, Concepci\u00f3n Nava, agradeci\u00f3 el esfuerzo de cada una de las personas que participaron en el proyecto para poder contar con una nave industrial completa, que ayude a los j\u00f3venes que est\u00e1n privados de su libertad, a la concientizaci\u00f3n del trabajo,<\/span><\/p>\n<p><span style=\"font-weight: 400;\">Exhortando a los j\u00f3venes internos a dar su mayor esfuerzo, dotarse de habilidades y encaminarse a una vida productiva, ya que este programa les servir\u00e1 como base para la reparaci\u00f3n del da\u00f1o.<\/span><\/p>\n<p><span style=\"font-weight: 400;\">Por su parte uno de los j\u00f3venes internos, aprovech\u00f3 el espacio para agradecer la confianza y el esfuerzo de las autoridades, para que tanto \u00e9l, como sus compa\u00f1eros cuenten con una actividad m\u00e1s que les dotara de habilidades para que una vez culminando su proceso obtengan mejores condiciones de vida y dignifiquen su entorno social.<\/span><\/p>\n<p><span style=\"font-weight: 400;\">En el evento estuvieron Aldo Mart\u00ednez, Director de Fomento a la Micro, Peque\u00f1a y Mediana Empresa; la Directora General de Ejecuci\u00f3n de Medidas para Menores, Mar\u00eda Concepci\u00f3n Guadalupe Nava Calvillo; el Director del Negocio de Distribuci\u00f3n de Motores Latinoam\u00e9rica Cummins Empresas Filantr\u00f3picas, Gaspar Aguilar y Jes\u00fas Silva Rojas, de la empresa Ederlamp Gautxori.<\/span><\/p>\n<p><span style=\"font-weight: 400;\">En el acto tambi\u00e9n estuvieron presentes, Susana Zavala Flores, Tercera Visitadora General de la Comisi\u00f3n Estatal de Derechos Humanos; Mar\u00eda Olvido Rodr\u00edguez en representaci\u00f3n del Secretario del Trabajo y Previsi\u00f3n Social; Marcelo Vill\u00f3n Reyes, Director de Planeaci\u00f3n y Evaluaci\u00f3n y Omar Aguilar, L\u00edder de la Certificaci\u00f3n y Cumplimiento, as\u00ed como ejecutivos de la empresa Cummins. \u00a0<\/span><\/p>\n<p>&nbsp;<\/p>\n","protected":false},"excerpt":{"rendered":"<p>Como parte del compromiso con la poblaci\u00f3n penitenciaria joven, se arrancaron los trabajos de la nave industrial de la empresa<\/p>\n","protected":false},"author":2,"featured_media":6771,"comment_status":"open","ping_status":"open","sticky":false,"template":"","format":"standard","meta":[],"categories":[1],"tags":[],"_links":{"self":[{"href":"https:\/\/www.radiodigitaltamazunchale.com\/landing\/wp-json\/wp\/v2\/posts\/6770"}],"collection":[{"href":"https:\/\/www.radiodigitaltamazunchale.com\/landing\/wp-json\/wp\/v2\/posts"}],"about":[{"href":"https:\/\/www.radiodigitaltamazunchale.com\/landing\/wp-json\/wp\/v2\/types\/post"}],"author":[{"embeddable":true,"href":"https:\/\/www.radiodigitaltamazunchale.com\/landing\/wp-json\/wp\/v2\/users\/2"}],"replies":[{"embeddable":true,"href":"https:\/\/www.radiodigitaltamazunchale.com\/landing\/wp-json\/wp\/v2\/comments?post=6770"}],"version-history":[{"count":2,"href":"https:\/\/www.radiodigitaltamazunchale.com\/landing\/wp-json\/wp\/v2\/posts\/6770\/revisions"}],"predecessor-version":[{"id":6773,"href":"https:\/\/www.radiodigitaltamazunchale.com\/landing\/wp-json\/wp\/v2\/posts\/6770\/revisions\/6773"}],"wp:featuredmedia":[{"embeddable":true,"href":"https:\/\/www.radiodigitaltamazunchale.com\/landing\/wp-json\/wp\/v2\/media\/6771"}],"wp:attachment":[{"href":"https:\/\/www.radiodigitaltamazunchale.com\/landing\/wp-json\/wp\/v2\/media?parent=6770"}],"wp:term":[{"taxonomy":"category","embeddable":true,"href":"https:\/\/www.radiodigitaltamazunchale.com\/landing\/wp-json\/wp\/v2\/categories?post=6770"},{"taxonomy":"post_tag","embeddable":true,"href":"https:\/\/www.radiodigitaltamazunchale.com\/landing\/wp-json\/wp\/v2\/tags?post=6770"}],"curies":[{"name":"wp","href":"https:\/\/api.w.org\/{rel}","templated":true}]}}