{"id":6783,"date":"2017-12-10T10:25:34","date_gmt":"2017-12-10T16:25:34","guid":{"rendered":"http:\/\/www.radiodigitaltamazunchale.com\/landing\/?p=6783"},"modified":"2017-12-11T10:26:44","modified_gmt":"2017-12-11T16:26:44","slug":"reconoce-movimiento-migrante-mesoamericano-solidaridad-de-gobierno-de-slp","status":"publish","type":"post","link":"https:\/\/www.radiodigitaltamazunchale.com\/landing\/uncategorized\/reconoce-movimiento-migrante-mesoamericano-solidaridad-de-gobierno-de-slp\/","title":{"rendered":"RECONOCE MOVIMIENTO MIGRANTE MESOAMERICANO SOLIDARIDAD DE GOBIERNO DE SLP"},"content":{"rendered":"<p><span style=\"font-weight: 400;\">En el marco de la XIII Edici\u00f3n de Caravana de Madres Centroamericanas, autoridades Estatales y Federales de San Luis Potos\u00ed, se reunieron con mujeres que buscan a sus hijos migrantes desaparecidos, durante un conversatorio que se llev\u00f3 a cabo en el Centro de Reinserci\u00f3n Social La Pila, donde Marta S\u00e1nchez Soler, coordinadora del movimiento reconoci\u00f3 la apertura y solidaridad del Gobierno de Estado al ser el \u00fanico que le brinda las facilidades para realizar este encuentro.<\/span><\/p>\n<p><span style=\"font-weight: 400;\">En el encuentro, S\u00e1nchez Soler, reiter\u00f3 que la Casa del Migrante y el Gobierno del Estado, trabajan de manera coordinada y conjunta en favor de la comunidad Migrante, por lo que hizo un p\u00fablico reconocimiento a su trabajo.<\/span><\/p>\n<p><span style=\"font-weight: 400;\">Al respecto, el titular del Instituto de Migrante y Enlace Internacional (IMEI) Enrique Malacara Mart\u00ednez, destac\u00f3 la reuni\u00f3n que se llev\u00f3 a cabo, y reconoci\u00f3 la coordinaci\u00f3n de las autoridades para la b\u00fasqueda de las personas que desaparecieron en su tr\u00e1nsito por M\u00e9xico para llegar a los Estados Unidos, en algunos casos, desde los a\u00f1os 90.<\/span><\/p>\n<p><span style=\"font-weight: 400;\">El titular de la dependencia dijo que son cerca de 50 madres provenientes de Nicaragua Guatemala, El Salvador, Honduras, entre otros, que por segundo a\u00f1o buscan en centros de reinserci\u00f3n social registros o enlaces de sus hijos.<\/span><\/p>\n<p><span style=\"font-weight: 400;\">Dijo que la autoridad estatal coadyuvo proporcionando los registros de todos los internos, sin que hubiera coincidencia; sin embargo durante el conversatorio hubo resultado ya que algunos de los reclusos dieron datos de algunas personas que conocieron y en otro caso, la caravana ser\u00e1 el enlace para buscar a la familia de un presunto que no ha logrado contactarla.<\/span><\/p>\n","protected":false},"excerpt":{"rendered":"<p>En el marco de la XIII Edici\u00f3n de Caravana de Madres Centroamericanas, autoridades Estatales y Federales de San Luis Potos\u00ed,<\/p>\n","protected":false},"author":2,"featured_media":6784,"comment_status":"open","ping_status":"open","sticky":false,"template":"","format":"standard","meta":[],"categories":[1],"tags":[],"_links":{"self":[{"href":"https:\/\/www.radiodigitaltamazunchale.com\/landing\/wp-json\/wp\/v2\/posts\/6783"}],"collection":[{"href":"https:\/\/www.radiodigitaltamazunchale.com\/landing\/wp-json\/wp\/v2\/posts"}],"about":[{"href":"https:\/\/www.radiodigitaltamazunchale.com\/landing\/wp-json\/wp\/v2\/types\/post"}],"author":[{"embeddable":true,"href":"https:\/\/www.radiodigitaltamazunchale.com\/landing\/wp-json\/wp\/v2\/users\/2"}],"replies":[{"embeddable":true,"href":"https:\/\/www.radiodigitaltamazunchale.com\/landing\/wp-json\/wp\/v2\/comments?post=6783"}],"version-history":[{"count":1,"href":"https:\/\/www.radiodigitaltamazunchale.com\/landing\/wp-json\/wp\/v2\/posts\/6783\/revisions"}],"predecessor-version":[{"id":6785,"href":"https:\/\/www.radiodigitaltamazunchale.com\/landing\/wp-json\/wp\/v2\/posts\/6783\/revisions\/6785"}],"wp:featuredmedia":[{"embeddable":true,"href":"https:\/\/www.radiodigitaltamazunchale.com\/landing\/wp-json\/wp\/v2\/media\/6784"}],"wp:attachment":[{"href":"https:\/\/www.radiodigitaltamazunchale.com\/landing\/wp-json\/wp\/v2\/media?parent=6783"}],"wp:term":[{"taxonomy":"category","embeddable":true,"href":"https:\/\/www.radiodigitaltamazunchale.com\/landing\/wp-json\/wp\/v2\/categories?post=6783"},{"taxonomy":"post_tag","embeddable":true,"href":"https:\/\/www.radiodigitaltamazunchale.com\/landing\/wp-json\/wp\/v2\/tags?post=6783"}],"curies":[{"name":"wp","href":"https:\/\/api.w.org\/{rel}","templated":true}]}}