{"id":853,"date":"2016-08-25T19:48:56","date_gmt":"2016-08-25T19:48:56","guid":{"rendered":"http:\/\/www.radiodigitaltamazunchale.com\/landing\/?p=853"},"modified":"2016-08-25T19:48:56","modified_gmt":"2016-08-25T19:48:56","slug":"31-de-agosto-la-feria-de-empleo-de-la-juventud-en-san-luis-potosi","status":"publish","type":"post","link":"https:\/\/www.radiodigitaltamazunchale.com\/landing\/culturales\/31-de-agosto-la-feria-de-empleo-de-la-juventud-en-san-luis-potosi\/","title":{"rendered":"31 DE AGOSTO LA FERIA DE EMPLEO DE LA JUVENTUD EN SAN LUIS POTOS\u00cd."},"content":{"rendered":"<p style=\"line-height: 14.5pt; background: white; margin: 0cm 0cm 4.5pt 0cm;\"><span style=\"font-family: 'Arial','sans-serif';\">M\u00e1s de 30 empresas estar\u00e1n reclutando personal.<\/span><\/p>\n<p style=\"line-height: 14.5pt; background: white; margin: 0cm 0cm 4.5pt 0cm;\">\n<p style=\"line-height: 14.5pt; background: white; margin: 0cm 0cm 4.5pt 0cm;\"><span style=\"font-family: 'Arial','sans-serif';\">SAN LUIS POTOSI.- El pr\u00f3ximo mi\u00e9rcoles 31 de Agosto se llevar\u00e1 a cabo la \u00abFeria de empleo de la juventud\u00bb, modalidad presencial, en<span class=\"apple-converted-space\">\u00a0<\/span><a style=\"cursor: pointer;\" href=\"https:\/\/www.facebook.com\/hashtag\/slp?source=feed_text&amp;story_id=1781473708766483\" data-ft=\"{&quot;tn&quot;:&quot;*N&quot;,&quot;type&quot;:104}\"><span class=\"58cl\"><span style=\"unicode-bidi: isolate;\"><span style=\"color: windowtext; text-decoration: none; text-underline: none;\"><span style=\"unicode-bidi: isolate;\">#<\/span><\/span><\/span><span class=\"58cm\"><span style=\"color: windowtext; text-decoration: none; text-underline: none;\">SLP<\/span><\/span><\/span><\/a><span class=\"apple-converted-space\">\u00a0<\/span>donde m\u00e1s de 30 empresas estar\u00e1n reclutando personal para ocupar vacantes nivel: Operarios,T\u00e9cnicos y Profesionistas en las instalaciones del<span class=\"apple-converted-space\">\u00a0<\/span><a style=\"cursor: pointer;\" href=\"https:\/\/www.facebook.com\/inpojuve\/\" data-hovercard=\"\/ajax\/hovercard\/page.php?id=180641988649543\"><span style=\"color: windowtext; text-decoration: none; text-underline: none;\">Inpojuve Actitud Joven<\/span><\/a><span class=\"apple-converted-space\">\u00a0<\/span>en un horario de 8:00 a 15:00 hrs.<\/span><\/p>\n<p style=\"line-height: 14.5pt; background: white; font-variant-ligatures: normal; font-variant-caps: normal; orphans: 2; text-align: start; widows: 2; -webkit-text-stroke-width: 0px; word-spacing: 0px; margin: 4.5pt 0cm .0001pt 0cm;\"><span style=\"font-family: 'Arial','sans-serif';\">Los interesados deben registrar su participaci\u00f3n en el siguiente enlace:<a style=\"cursor: pointer;\" href=\"http:\/\/l.facebook.com\/l.php?u=http%3A%2F%2Fgoo.gl%2FKVksi6&amp;h=HAQEcGkilAQH2xYAs8R08GkxIpXhp1eMso_qCqueNPmcu2A&amp;enc=AZPFEk8_qEO0hAgi5GiTIKdEbHyOZOnnxTw7nQ7WUcc6Y9bGy-GnTpTTozP0o44AfvALLDxwilGZ6Qz0Mb3D2SJTW6_JVK1sjIX3zk-RrKFzQFNuWoe6LWtW1P3Bf1TCuRmxePztJGDNKJ0VibmUupjfryQAV1jaP8ykY-1Cc5_7s23l2S4Dq-apuXgK_9Pk4a7fZvOCjzg8B5ECREic702x&amp;s=1\" target=\"_blank\"><span style=\"color: windowtext; text-decoration: none; text-underline: none;\">http:\/\/goo.gl\/KVksi6<\/span><\/a><\/span><\/p>\n","protected":false},"excerpt":{"rendered":"<p>M\u00e1s de 30 empresas estar\u00e1n reclutando personal. SAN LUIS POTOSI.- El pr\u00f3ximo mi\u00e9rcoles 31 de Agosto se llevar\u00e1 a cabo<\/p>\n","protected":false},"author":2,"featured_media":854,"comment_status":"open","ping_status":"open","sticky":false,"template":"","format":"standard","meta":[],"categories":[5],"tags":[],"_links":{"self":[{"href":"https:\/\/www.radiodigitaltamazunchale.com\/landing\/wp-json\/wp\/v2\/posts\/853"}],"collection":[{"href":"https:\/\/www.radiodigitaltamazunchale.com\/landing\/wp-json\/wp\/v2\/posts"}],"about":[{"href":"https:\/\/www.radiodigitaltamazunchale.com\/landing\/wp-json\/wp\/v2\/types\/post"}],"author":[{"embeddable":true,"href":"https:\/\/www.radiodigitaltamazunchale.com\/landing\/wp-json\/wp\/v2\/users\/2"}],"replies":[{"embeddable":true,"href":"https:\/\/www.radiodigitaltamazunchale.com\/landing\/wp-json\/wp\/v2\/comments?post=853"}],"version-history":[{"count":1,"href":"https:\/\/www.radiodigitaltamazunchale.com\/landing\/wp-json\/wp\/v2\/posts\/853\/revisions"}],"predecessor-version":[{"id":855,"href":"https:\/\/www.radiodigitaltamazunchale.com\/landing\/wp-json\/wp\/v2\/posts\/853\/revisions\/855"}],"wp:featuredmedia":[{"embeddable":true,"href":"https:\/\/www.radiodigitaltamazunchale.com\/landing\/wp-json\/wp\/v2\/media\/854"}],"wp:attachment":[{"href":"https:\/\/www.radiodigitaltamazunchale.com\/landing\/wp-json\/wp\/v2\/media?parent=853"}],"wp:term":[{"taxonomy":"category","embeddable":true,"href":"https:\/\/www.radiodigitaltamazunchale.com\/landing\/wp-json\/wp\/v2\/categories?post=853"},{"taxonomy":"post_tag","embeddable":true,"href":"https:\/\/www.radiodigitaltamazunchale.com\/landing\/wp-json\/wp\/v2\/tags?post=853"}],"curies":[{"name":"wp","href":"https:\/\/api.w.org\/{rel}","templated":true}]}}