{"id":9030,"date":"2018-03-13T19:30:04","date_gmt":"2018-03-14T01:30:04","guid":{"rendered":"http:\/\/www.radiodigitaltamazunchale.com\/landing\/?p=9030"},"modified":"2018-03-13T19:30:04","modified_gmt":"2018-03-14T01:30:04","slug":"delegacion-de-chapulhuacanito-invita-a-su-fiesta-patronal-del-16-al-19-de-marzo","status":"publish","type":"post","link":"https:\/\/www.radiodigitaltamazunchale.com\/landing\/uncategorized\/delegacion-de-chapulhuacanito-invita-a-su-fiesta-patronal-del-16-al-19-de-marzo\/","title":{"rendered":"DELEGACI\u00d3N DE CHAPULHUACANITO INVITA A SU FIESTA PATRONAL DEL 16 AL 19 DE MARZO"},"content":{"rendered":"<p><span style=\"font-weight: 400;\">La delegaci\u00f3n de Chapulhuacanito a cargo de Abraham Antonio Campos, comenz\u00f3 con las actividades propias de la feria de la delegaci\u00f3n que se lleva a cabo a\u00f1o con a\u00f1o y destac\u00f3 las actividades culturales y del teatro del pueblo que todo visitantes debe conocer para poder \u00a0disfrutar del entretenimiento para toda la familia.<\/span><\/p>\n<p><span style=\"font-weight: 400;\">Durante los d\u00edas de feria los visitantes podr\u00e1n disfrutar de artistas de renombre entre los que destacan para el d\u00eda viernes 16 de marzo el Grupo Cuervo adem\u00e1s de Sa\u00fal Granados y los de la pluma, contando con la participaci\u00f3n el mismo d\u00eda de las instituciones educativas de la localidad, el s\u00e1bado 17 de marzo llegar\u00e1 con su participaci\u00f3n rom\u00e1ntica la Rondalla Voces del Ayer y el grupo Los Solitarios, el domingo 18 la reconocida agrupaci\u00f3n grupera Vag\u00f3n Chicano har\u00e1 bailar a todos los asistentes alternando con el grupo Los Primos del Rancho y La Rondalla Voz y Sentimiento, adem\u00e1s de que ese mismo d\u00eda se realizar\u00e1 la cabalgata tradicional organizada por los jinetes del Camino Real iniciando a las 10:30 de la ma\u00f1ana en el campo el Laurel, para finalizar la feria de Chapulhuacanito se presentar\u00e1 el espect\u00e1culo de comedia de Kevin Show.<\/span><\/p>\n<p><span style=\"font-weight: 400;\">Los trabajos para la realizaci\u00f3n de estas actividades se han coordinado por la delegaci\u00f3n municipal de Chapulhuacanito, integrando actividades que favorezcan el reforzamiento de las actividades en familia y el disfrute de las tradiciones y costumbres de la localidad con sus barrios.<\/span><\/p>\n<p><span style=\"font-weight: 400;\">Finalmente el Delegado hizo extensiva la invita a la poblaci\u00f3n en general a que asista y sea participe de la presentaci\u00f3n de los artistas quienes les brindar\u00e1n momentos de sana convivencia y entretenimiento.<\/span><\/p>\n<p>&nbsp;<\/p>\n","protected":false},"excerpt":{"rendered":"<p>La delegaci\u00f3n de Chapulhuacanito a cargo de Abraham Antonio Campos, comenz\u00f3 con las actividades propias de la feria de la<\/p>\n","protected":false},"author":2,"featured_media":9031,"comment_status":"open","ping_status":"open","sticky":false,"template":"","format":"standard","meta":[],"categories":[1],"tags":[],"_links":{"self":[{"href":"https:\/\/www.radiodigitaltamazunchale.com\/landing\/wp-json\/wp\/v2\/posts\/9030"}],"collection":[{"href":"https:\/\/www.radiodigitaltamazunchale.com\/landing\/wp-json\/wp\/v2\/posts"}],"about":[{"href":"https:\/\/www.radiodigitaltamazunchale.com\/landing\/wp-json\/wp\/v2\/types\/post"}],"author":[{"embeddable":true,"href":"https:\/\/www.radiodigitaltamazunchale.com\/landing\/wp-json\/wp\/v2\/users\/2"}],"replies":[{"embeddable":true,"href":"https:\/\/www.radiodigitaltamazunchale.com\/landing\/wp-json\/wp\/v2\/comments?post=9030"}],"version-history":[{"count":1,"href":"https:\/\/www.radiodigitaltamazunchale.com\/landing\/wp-json\/wp\/v2\/posts\/9030\/revisions"}],"predecessor-version":[{"id":9032,"href":"https:\/\/www.radiodigitaltamazunchale.com\/landing\/wp-json\/wp\/v2\/posts\/9030\/revisions\/9032"}],"wp:featuredmedia":[{"embeddable":true,"href":"https:\/\/www.radiodigitaltamazunchale.com\/landing\/wp-json\/wp\/v2\/media\/9031"}],"wp:attachment":[{"href":"https:\/\/www.radiodigitaltamazunchale.com\/landing\/wp-json\/wp\/v2\/media?parent=9030"}],"wp:term":[{"taxonomy":"category","embeddable":true,"href":"https:\/\/www.radiodigitaltamazunchale.com\/landing\/wp-json\/wp\/v2\/categories?post=9030"},{"taxonomy":"post_tag","embeddable":true,"href":"https:\/\/www.radiodigitaltamazunchale.com\/landing\/wp-json\/wp\/v2\/tags?post=9030"}],"curies":[{"name":"wp","href":"https:\/\/api.w.org\/{rel}","templated":true}]}}