{"id":9062,"date":"2018-03-14T15:53:19","date_gmt":"2018-03-14T21:53:19","guid":{"rendered":"http:\/\/www.radiodigitaltamazunchale.com\/landing\/?p=9062"},"modified":"2018-03-14T15:53:19","modified_gmt":"2018-03-14T21:53:19","slug":"asegurar-la-atencion-a-ninas-y-mujeres-indigenas-que-son-victimas-de-violencia","status":"publish","type":"post","link":"https:\/\/www.radiodigitaltamazunchale.com\/landing\/uncategorized\/asegurar-la-atencion-a-ninas-y-mujeres-indigenas-que-son-victimas-de-violencia\/","title":{"rendered":"ASEGURAR LA ATENCI\u00d3N A NI\u00d1AS Y MUJERES IND\u00cdGENAS QUE SON V\u00cdCTIMAS DE VIOLENCIA"},"content":{"rendered":"<p style=\"text-align: justify; vertical-align: baseline; margin: 0cm 0cm 15.0pt 0cm;\"><span style=\"font-family: 'Verdana',sans-serif; color: #494949;\">Para asegurar la atenci\u00f3n a ni\u00f1as y mujeres ind\u00edgenas que son v\u00edctimas de violencia, la diputada Rebeca Ter\u00e1n Guevara present\u00f3 una iniciativa de reforma al art\u00edculo 4\u00b0 de la Ley para el Instituto de Desarrollo Humano y Social de los Pueblos y Comunidades Ind\u00edgenas; y al art\u00edculo 14 de la Ley de Acceso de las Mujeres a una Vida Libre de Violencia del Estado.<\/span><\/p>\n<p style=\"text-align: justify; vertical-align: baseline; margin: 0cm 0cm 15.0pt 0cm;\"><span style=\"font-family: 'Verdana',sans-serif; color: #494949;\">Por esta reforma, se busca incluir, dentro del Sistema Estatal para la Prevenci\u00f3n, Atenci\u00f3n, Sanci\u00f3n y Erradicaci\u00f3n de la Violencia contra las Mujeres al propio Instituto de Desarrollo Humano y Social de los Pueblos y Comunidades Ind\u00edgenas, y as\u00ed dar seguimiento a las acciones relacionadas con la prevenci\u00f3n de violencia y discriminaci\u00f3n que puedan ser cometidas contra mujeres y ni\u00f1as ind\u00edgenas.<\/span><\/p>\n<p style=\"text-align: justify; vertical-align: baseline; margin: 0cm 0cm 15.0pt 0cm;\"><span style=\"font-family: 'Verdana',sans-serif; color: #494949;\">Con esta modificaci\u00f3n, se busca homologar la legislaci\u00f3n federal con la estatal, ya que actualmente a nivel federal la Ley General de Acceso de las Mujeres a una Vida Libre de Violencia, dentro de la conformaci\u00f3n del Sistema Nacional para Prevenir, Atender, Sancionar y Erradicar la Violencia contra las Mujeres,\u00a0 se toma en consideraci\u00f3n a la Comisi\u00f3n Nacional para el Desarrollo de los Pueblos Ind\u00edgenas.<\/span><\/p>\n<p style=\"text-align: justify; vertical-align: baseline; margin: 0cm 0cm 15.0pt 0cm;\"><span style=\"font-family: 'Verdana',sans-serif; color: #494949;\">\u00a0\u201cSin embargo, en la entidad esto no se replica, no obstante que en la exposici\u00f3n de motivos de la Ley de Acceso de las Mujeres a una Vida Libre de Violencia del Estado, se reconoce a las mujeres ind\u00edgenas como uno de los grupos m\u00e1s susceptibles a ser v\u00edctimas de violencia\u201d, indica.<\/span><\/p>\n<p style=\"text-align: justify; vertical-align: baseline; margin: 0cm 0cm 15.0pt 0cm;\"><span style=\"font-family: 'Verdana',sans-serif; color: #494949;\">Agrega que estas acciones ser\u00e1n importantes para conformar una atenci\u00f3n de las acciones de prevenci\u00f3n de la violencia y la discriminaci\u00f3n en contra de las mujeres, especialmente las que forman parte de las comunidades ind\u00edgenas.\u00a0<\/span><\/p>\n<p style=\"text-align: justify; vertical-align: baseline; margin: 0cm 0cm 15.0pt 0cm;\"><span style=\"font-family: 'Verdana',sans-serif; color: #494949;\">En la iniciativa se establece que el Sistema Estatal se conformar\u00e1 por el Instituto de Desarrollo Humano y Social de los Pueblos y Comunidades Ind\u00edgenas y las personas que representen las organizaciones civiles estatales relacionadas con la materia, que se integrar\u00e1n al mismo por invitaci\u00f3n del propio Sistema. <\/span><\/p>\n<p style=\"text-align: justify; vertical-align: baseline; margin: 0cm 0cm 15.0pt 0cm;\"><span style=\"font-family: 'Verdana',sans-serif; color: #494949;\">En ning\u00fan caso, las organizaciones invitadas podr\u00e1n rebasar la mitad del n\u00famero de dependencias, entidades e instituciones p\u00fablicas integrantes del Sistema.<\/span><\/p>\n<p style=\"text-align: justify; vertical-align: baseline; margin: 0cm 0cm 15.0pt 0cm;\"><span style=\"font-family: 'Verdana',sans-serif; color: #494949;\">\u00a0La iniciativa se encuentra en an\u00e1lisis al interior de las comisiones de Derechos Humanos, Igualdad y G\u00e9nero; y, Asuntos Ind\u00edgenas.<\/span><\/p>\n<p style=\"text-align: justify; vertical-align: baseline; margin: 0cm 0cm 15.0pt 0cm;\"><span style=\"font-family: 'Verdana',sans-serif; color: #494949;\">\u00a0<\/span><\/p>\n","protected":false},"excerpt":{"rendered":"<p>Para asegurar la atenci\u00f3n a ni\u00f1as y mujeres ind\u00edgenas que son v\u00edctimas de violencia, la diputada Rebeca Ter\u00e1n Guevara present\u00f3<\/p>\n","protected":false},"author":2,"featured_media":9063,"comment_status":"open","ping_status":"open","sticky":false,"template":"","format":"standard","meta":[],"categories":[1],"tags":[],"_links":{"self":[{"href":"https:\/\/www.radiodigitaltamazunchale.com\/landing\/wp-json\/wp\/v2\/posts\/9062"}],"collection":[{"href":"https:\/\/www.radiodigitaltamazunchale.com\/landing\/wp-json\/wp\/v2\/posts"}],"about":[{"href":"https:\/\/www.radiodigitaltamazunchale.com\/landing\/wp-json\/wp\/v2\/types\/post"}],"author":[{"embeddable":true,"href":"https:\/\/www.radiodigitaltamazunchale.com\/landing\/wp-json\/wp\/v2\/users\/2"}],"replies":[{"embeddable":true,"href":"https:\/\/www.radiodigitaltamazunchale.com\/landing\/wp-json\/wp\/v2\/comments?post=9062"}],"version-history":[{"count":1,"href":"https:\/\/www.radiodigitaltamazunchale.com\/landing\/wp-json\/wp\/v2\/posts\/9062\/revisions"}],"predecessor-version":[{"id":9064,"href":"https:\/\/www.radiodigitaltamazunchale.com\/landing\/wp-json\/wp\/v2\/posts\/9062\/revisions\/9064"}],"wp:featuredmedia":[{"embeddable":true,"href":"https:\/\/www.radiodigitaltamazunchale.com\/landing\/wp-json\/wp\/v2\/media\/9063"}],"wp:attachment":[{"href":"https:\/\/www.radiodigitaltamazunchale.com\/landing\/wp-json\/wp\/v2\/media?parent=9062"}],"wp:term":[{"taxonomy":"category","embeddable":true,"href":"https:\/\/www.radiodigitaltamazunchale.com\/landing\/wp-json\/wp\/v2\/categories?post=9062"},{"taxonomy":"post_tag","embeddable":true,"href":"https:\/\/www.radiodigitaltamazunchale.com\/landing\/wp-json\/wp\/v2\/tags?post=9062"}],"curies":[{"name":"wp","href":"https:\/\/api.w.org\/{rel}","templated":true}]}}