{"id":9103,"date":"2018-03-15T08:13:09","date_gmt":"2018-03-15T14:13:09","guid":{"rendered":"http:\/\/www.radiodigitaltamazunchale.com\/landing\/?p=9103"},"modified":"2018-03-16T08:14:02","modified_gmt":"2018-03-16T14:14:02","slug":"realizan-ciclo-de-dialogos-de-politicas-publicas-y-cohesion-social","status":"publish","type":"post","link":"https:\/\/www.radiodigitaltamazunchale.com\/landing\/uncategorized\/realizan-ciclo-de-dialogos-de-politicas-publicas-y-cohesion-social\/","title":{"rendered":"REALIZAN CICLO DE DI\u00c1LOGOS DE POL\u00cdTICAS P\u00daBLICAS Y COHESI\u00d3N SOCIAL"},"content":{"rendered":"<ul>\n<li style=\"font-weight: 400;\"><b>Organizado por el Laboratorio de Cohesi\u00f3n Social II M\u00e9xico-Uni\u00f3n Europea y El Colegio de San Luis<\/b><\/li>\n<\/ul>\n<p><span style=\"font-weight: 400;\">En el marco de colaboraci\u00f3n entre El Colegio de San Luis A. C., y la Secretar\u00eda de Relaciones Exteriores, a trav\u00e9s de la Agencia Mexicana de Cooperaci\u00f3n Internacional para el Desarrollo (AMEXCID) y para brindar un espacio de debate entre instituciones, academia y sociedad civil, se llev\u00f3 a cabo el cuarto evento del ciclo Di\u00e1logos de Pol\u00edticas P\u00fablicas y Cohesi\u00f3n Social \u201cDerechos humanos y pol\u00edticas p\u00fablicas: desaf\u00edos y oportunidades\u201d.<\/span><\/p>\n<p><span style=\"font-weight: 400;\">El evento, organizado por el Laboratorio de Cohesi\u00f3n Social II M\u00e9xico-Uni\u00f3n Europea y El Colegio de San Luis, busca visibilizar, y por consecuencia, sensibilizar a instituciones p\u00fablicas y sociedad civil sobre la situaci\u00f3n de los derechos humanos en el estado,<\/span><\/p>\n<p><span style=\"font-weight: 400;\">Adem\u00e1s de identificar elementos cr\u00edticos, con el fin de mejorar la situaci\u00f3n de los derechos de mujeres, ind\u00edgenas, juventudes y poblaci\u00f3n LGBTI, contribuyendo a la pol\u00edtica p\u00fablica y creando un v\u00ednculo colaborativo entre las instituciones del Estado, academia y organizaciones de la sociedad civil. Lo anterior, dentro del marco de la implementaci\u00f3n del Laboratorio de Cohesi\u00f3n Social II en el estado. <\/span><\/p>\n<p><span style=\"font-weight: 400;\">El Laboratorio de Cohesi\u00f3n Social II (LCS II), es un programa de cooperaci\u00f3n internacional cofinanciado por la Uni\u00f3n Europea y el Gobierno Mexicano a trav\u00e9s de la Agencia Mexicana de Cooperaci\u00f3n Internacional para el Desarrollo (AMEXCID) de la Secretar\u00eda de Relaciones Exteriores (SRE), la Secretaria de Gobernaci\u00f3n y los estados de San Luis Potos\u00ed y Oaxaca. <\/span><\/p>\n","protected":false},"excerpt":{"rendered":"<p>Organizado por el Laboratorio de Cohesi\u00f3n Social II M\u00e9xico-Uni\u00f3n Europea y El Colegio de San Luis En el marco de<\/p>\n","protected":false},"author":2,"featured_media":9104,"comment_status":"open","ping_status":"open","sticky":false,"template":"","format":"standard","meta":[],"categories":[1],"tags":[],"_links":{"self":[{"href":"https:\/\/www.radiodigitaltamazunchale.com\/landing\/wp-json\/wp\/v2\/posts\/9103"}],"collection":[{"href":"https:\/\/www.radiodigitaltamazunchale.com\/landing\/wp-json\/wp\/v2\/posts"}],"about":[{"href":"https:\/\/www.radiodigitaltamazunchale.com\/landing\/wp-json\/wp\/v2\/types\/post"}],"author":[{"embeddable":true,"href":"https:\/\/www.radiodigitaltamazunchale.com\/landing\/wp-json\/wp\/v2\/users\/2"}],"replies":[{"embeddable":true,"href":"https:\/\/www.radiodigitaltamazunchale.com\/landing\/wp-json\/wp\/v2\/comments?post=9103"}],"version-history":[{"count":1,"href":"https:\/\/www.radiodigitaltamazunchale.com\/landing\/wp-json\/wp\/v2\/posts\/9103\/revisions"}],"predecessor-version":[{"id":9105,"href":"https:\/\/www.radiodigitaltamazunchale.com\/landing\/wp-json\/wp\/v2\/posts\/9103\/revisions\/9105"}],"wp:featuredmedia":[{"embeddable":true,"href":"https:\/\/www.radiodigitaltamazunchale.com\/landing\/wp-json\/wp\/v2\/media\/9104"}],"wp:attachment":[{"href":"https:\/\/www.radiodigitaltamazunchale.com\/landing\/wp-json\/wp\/v2\/media?parent=9103"}],"wp:term":[{"taxonomy":"category","embeddable":true,"href":"https:\/\/www.radiodigitaltamazunchale.com\/landing\/wp-json\/wp\/v2\/categories?post=9103"},{"taxonomy":"post_tag","embeddable":true,"href":"https:\/\/www.radiodigitaltamazunchale.com\/landing\/wp-json\/wp\/v2\/tags?post=9103"}],"curies":[{"name":"wp","href":"https:\/\/api.w.org\/{rel}","templated":true}]}}